{"id":2852,"date":"2013-03-14T17:50:00","date_gmt":"2013-03-14T16:50:00","guid":{"rendered":"http:\/\/www.olinews.it\/mt\/?p=2852"},"modified":"2020-04-28T19:31:37","modified_gmt":"2020-04-28T18:31:37","slug":"oli-369-mali-quando-lafrica-ci-interessa","status":"publish","type":"post","link":"https:\/\/www.olinews.it\/mt\/?p=2852","title":{"rendered":"OLI 369: MALI &#8211; Quando l&#8217;Africa ci interessa"},"content":{"rendered":"<div dir=\"ltr\" style=\"text-align: left;\">\n<div style=\"clear: both; text-align: center;\"><\/div>\n<p><\/p>\n<table cellpadding=\"0\" cellspacing=\"0\" style=\"float: left; margin-right: 1em; text-align: left;\">\n<tbody>\n<tr>\n<td style=\"text-align: center;\"><a href=\"http:\/\/3.bp.blogspot.com\/-IV9E1Kqon18\/UUI829XCcaI\/AAAAAAAACq0\/E7lX3YgkJlE\/s1600\/emergenza_mali.jpg\" style=\"clear: left; margin-bottom: 1em; margin-left: auto; margin-right: auto;\"><img loading=\"lazy\" decoding=\"async\" border=\"0\" height=\"311\" src=\"https:\/\/olinews.it\/mt\/wp-content\/uploads\/2020\/04\/emergenza_mali.jpg\" width=\"400\" \/><\/a><\/td>\n<\/tr>\n<tr>\n<td style=\"text-align: center;\">figura 1 &#8211; da facebook<\/td>\n<\/tr>\n<\/tbody>\n<\/table>\n<table cellpadding=\"0\" cellspacing=\"0\" style=\"float: right; text-align: right;\">\n<tbody>\n<tr>\n<td style=\"text-align: center;\"><a href=\"http:\/\/1.bp.blogspot.com\/-cIGjyE2eU8U\/UTrZ-Beru0I\/AAAAAAAACpc\/cfhRTX_zWak\/s1600\/4429849114_8f12d035c3_z.jpg\" style=\"clear: right; margin-bottom: 1em; margin-left: auto; margin-right: auto;\"><img loading=\"lazy\" decoding=\"async\" border=\"0\" height=\"266\" src=\"https:\/\/olinews.it\/mt\/wp-content\/uploads\/2020\/04\/4429849114_8f12d035c3_z.jpg\" width=\"400\" \/><\/a><\/td>\n<\/tr>\n<tr>\n<td style=\"text-align: center;\">figura 2 &#8211; Fondo Kati &#8211; da <a href=\"http:\/\/www.flickr.com\/photos\/mariovega\/4429849114\/\">flickr<\/a><\/td>\n<\/tr>\n<\/tbody>\n<\/table>\n<p>Il 1\u00b0 marzo \u00e8 stata ufficialmente dichiarata la fine dell\u2019emergenza Nord Africa, iniziata nel 2011 con il diffondersi delle primavere arabe e la sorte dei 13mila richiedenti asilo ancora in carico ai centri di accoglienza rimane da definire. In rete c\u2019\u00e8 gi\u00e0 chi \u00e8 in vena di bilanci e strumentalizzazioni, e sottopone alle ire collettive di Facebook un documento con l\u2019elenco dei rifugiati a Milano secondo la provenienza (vedi figura 1), obiettando che, tra i rifugiati, non ci sono profughi libici e per questo bisogna \u201crimandare tutti a casa\u201d. A guardare bene il documento, si legge che il primo paese, per provenienza, \u00e8 il Mali: ma cosa succede in Mali, e cosa c\u2019entra tutto con l\u2019emergenza Nord Africa? Se si considera l\u2019Africa come un continente con una storia in rapida evoluzione e il movimento delle primavere arabe come una violenta onda d\u2019urto che ha avuto ripercussioni anche a sud del Sahara, diventa tutto pi\u00f9 comprensibile. A parlare del Mali, durante il ciclo di conferenze <i>Africa Oltre<\/i>: conoscere l\u2019Africa al di l\u00e0 degli stereotipi, ci sono Giorgio Musso, ricercatore di Storia dell\u2019Africa, Marco Aime, docente di antropologia all\u2019Universit\u00e0 di Genova e Ismael Diadi\u00e9 Haidara, storico, responsabile del <i>Fondo Kati library di Timbuktu<\/i> (figura 2), biblioteca che conserva manoscritti andalusi di centinaia di anni, che testimoniano la penetrazione araba in Spagna. Diaidi\u00e9 \u00e8 uno dei tanti abitanti del Mali in fuga dal Nord del paese. Il Mali \u00e8 stato presente quest\u2019ultimo anno sulla stampa, a causa del conflitto in corso, ma ancora di pi\u00f9 per la disponibilit\u00e0 di petrolio e per l\u2019intervento armato della Francia. Il relatore descrive le carestie e turbolenze sociali avvenute negli anni, lontano dai media internazionali: il Mali divenne indipendente nel 1960, grazie anche all\u2019opera di movimenti indipendentisti, attivi a partire dal 1948. Nel 1962 vi fu la prima grande ribellione del Nord, repressa nel sangue. La seconda avvenne nel 1990 e anch\u2019essa fin\u00ec nel sangue, risolvendosi grazie alla mediazione dell\u2019Algeria. Fecero seguito accordi tra il governo maliano e minoranza tuareg, che popolava il nord ed era stata protagonista dei movimenti indipendentisti. Nella rivolta del 1990 aveva lottato a fianco dei <i>tuareg <\/i>anche il <i>Fronte islamico di salvezza<\/i> (<i>Fis<\/i>) dell\u2019Algeria. Dopo le elezioni algerine del 1992, le elezioni vinte dal Fis furono annullate e l\u2019Algeria sprofond\u00f2 nella guerra civile che sarebbe durata un decennio. I guerriglieri del <i>Fis <\/i>furono spinti a sud, nel Mali, dove si unirono ai movimenti indipendentisti preesistenti. Nel 2007 si form\u00f2 <i>Al Qaida<\/i> per il <i>Maghreb <\/i>islamico, che si finanzia in Mali \u2013 racconta Diaidi\u00e9 Haidara &#8211; soprattutto attraverso i proventi del traffico della droga. I vuoti di potere creatisi in seguito alle rivolte arabe del 2011 (e qua ci si collega con gli avvenimenti recenti e con l\u2019effetto domino causato dai mutamenti del nord Africa) aprirono nuovi spazi i gruppi islamisti. Il crollo del regime di Gheddafi caus\u00f2 l\u2019afflusso di milizie di tuareg armati, prima controllati dal regime libico, nella parte settentrionale del Mali. I tuareg, coalizzati nel <i>Movimento Nazionale per la Liberazione dell\u2019Azawad<\/i> (<i>Mnla<\/i>), combatterono per l\u2019indipendenza dal governo centrale del Mali. Ad aprile 2012 risale l\u2019alleanza tra il <i>Mnla <\/i>e gli islamisti, con conseguenze nefaste sulla popolazione: persecuzioni, torture, taglio delle mani e dei piedi, violenza sessuale sulle donne, distruzione di mausolei e monumenti, perdurati fino all\u2019intervento francese. Gran parte della popolazione del nord del Mali \u00e8 fuggita dalle persecuzioni, tra loro anche il relatore Diadi\u00e9 Haidara, che ha lasciato incustoditi i 12mila manoscritti del <i>Fondo Kati<\/i> ma che, in fuga a 55 anni dall\u2019ennesima catastrofe del suo popolo, cerca di far conoscere all\u2019opinione pubblica internazionale quello che sta succedendo.<br \/><b>(<i>Eleana Marullo<\/i>)<\/b><\/div>\n","protected":false},"excerpt":{"rendered":"<p>figura 1 &#8211; da facebook figura 2 &#8211; Fondo Kati &#8211; da flickr Il 1\u00b0 marzo \u00e8 stata ufficialmente dichiarata la fine dell\u2019emergenza Nord Africa, iniziata nel 2011 con il diffondersi delle primavere arabe e la sorte dei 13mila richiedenti asilo ancora in carico ai centri di accoglienza rimane da definire. In rete c\u2019\u00e8 gi\u00e0 [&hellip;]<\/p>\n","protected":false},"author":1,"featured_media":0,"comment_status":"closed","ping_status":"closed","sticky":false,"template":"","format":"standard","meta":{"footnotes":""},"categories":[938,288,1479,1480,1478,1472,1307,1481],"tags":[],"class_list":["post-2852","post","type-post","status-publish","format-standard","hentry","category-africa","category-eleana-marullo","category-fondo-kati","category-ismael-diadie-haidara","category-mali","category-oli-369","category-primavera-araba","category-social-network"],"_links":{"self":[{"href":"https:\/\/www.olinews.it\/mt\/index.php?rest_route=\/wp\/v2\/posts\/2852","targetHints":{"allow":["GET"]}}],"collection":[{"href":"https:\/\/www.olinews.it\/mt\/index.php?rest_route=\/wp\/v2\/posts"}],"about":[{"href":"https:\/\/www.olinews.it\/mt\/index.php?rest_route=\/wp\/v2\/types\/post"}],"author":[{"embeddable":true,"href":"https:\/\/www.olinews.it\/mt\/index.php?rest_route=\/wp\/v2\/users\/1"}],"replies":[{"embeddable":true,"href":"https:\/\/www.olinews.it\/mt\/index.php?rest_route=%2Fwp%2Fv2%2Fcomments&post=2852"}],"version-history":[{"count":1,"href":"https:\/\/www.olinews.it\/mt\/index.php?rest_route=\/wp\/v2\/posts\/2852\/revisions"}],"predecessor-version":[{"id":5387,"href":"https:\/\/www.olinews.it\/mt\/index.php?rest_route=\/wp\/v2\/posts\/2852\/revisions\/5387"}],"wp:attachment":[{"href":"https:\/\/www.olinews.it\/mt\/index.php?rest_route=%2Fwp%2Fv2%2Fmedia&parent=2852"}],"wp:term":[{"taxonomy":"category","embeddable":true,"href":"https:\/\/www.olinews.it\/mt\/index.php?rest_route=%2Fwp%2Fv2%2Fcategories&post=2852"},{"taxonomy":"post_tag","embeddable":true,"href":"https:\/\/www.olinews.it\/mt\/index.php?rest_route=%2Fwp%2Fv2%2Ftags&post=2852"}],"curies":[{"name":"wp","href":"https:\/\/api.w.org\/{rel}","templated":true}]}}