{"id":286,"date":"2005-02-10T12:41:46","date_gmt":"2005-02-10T12:41:46","guid":{"rendered":"http:\/\/www.comevedonoidaltonici.com\/wordpress\/?p=286"},"modified":"2005-02-10T12:41:46","modified_gmt":"2005-02-10T12:41:46","slug":"auschwitz-le-manipolazioni-dello-storico-b","status":"publish","type":"post","link":"https:\/\/www.olinews.it\/mt\/?p=286","title":{"rendered":"<i>Auschwitz<\/i>. Le manipolazioni dello storico B"},"content":{"rendered":"<p>A me sembra che le parole del premier ad Auschwitz, dove ha equiparato  l\u2019Olocausto ai crimini di Polpot in Cambogia, snaturino in qualche modo il senso del genocidio  compiuto dai nazisti.<\/p>\n<p><!--more--><br \/>\nNon perch\u00e9 quello dei comunisti in Cambogia (e altrove) sia meno grave in quanto di diverso segno, assolutamente no, ma perch\u00e9 quello dei nazisti ha una specificit\u00e0 del tutto unica nella storia: l&#8217;eliminazione programmata a tavolino, con burocratica lucidit\u00e0, di seimilioni e mezzo di ebrei, dopo aver inflitto loro le pi\u00f9 aberranti torture, averli privati dei beni materiali e morali, averli ridotti al rango di oggetti inservibili, aver coinvolto nel genocidio giovani, anziani, bambini<br \/>\n&#8220;Il fumo di Birkenau&#8221; di Liana Millu (il libro-testimonianza della scrittrice scomparsa in questi giorni) \u00e8 tragicamente illuminante a questo proposito, se mai non bastassero i libri di Primo Levi e di pochi altri sopravissuti a quell&#8217;orrore. Soprattutto stringe il cuore la sofferenza di milioni di persone anzianissime e bambini, che non avevano nessuna possibilit\u00e0 di sopravvivere al viaggio senza cibo e calore nei vagoni piombati verso i campi di sterminio. E&#8217; dunque propaganda volgare equiparare questo a quel genocidio, perch\u00e9 li si svuota entrambi del loro significato pi\u00f9 tragico e aberrante. Ed \u00e8 significativo anche il silenzio stampa su questo argomento, quasi la materia sia talmente scottante da sconsigliare di farne parola. Un altro mattone (involontario?) alla casa costruita sulla sabbia dal cavaliere.<br \/>\n<em>(Giovanni Meriana)<\/em><\/p>\n","protected":false},"excerpt":{"rendered":"<p>Numero 45<\/p>\n","protected":false},"author":1,"featured_media":0,"comment_status":"open","ping_status":"closed","sticky":false,"template":"","format":"standard","meta":{"footnotes":""},"categories":[47,12],"tags":[],"class_list":["post-286","post","type-post","status-publish","format-standard","hentry","category-47","category-storia"],"_links":{"self":[{"href":"https:\/\/www.olinews.it\/mt\/index.php?rest_route=\/wp\/v2\/posts\/286","targetHints":{"allow":["GET"]}}],"collection":[{"href":"https:\/\/www.olinews.it\/mt\/index.php?rest_route=\/wp\/v2\/posts"}],"about":[{"href":"https:\/\/www.olinews.it\/mt\/index.php?rest_route=\/wp\/v2\/types\/post"}],"author":[{"embeddable":true,"href":"https:\/\/www.olinews.it\/mt\/index.php?rest_route=\/wp\/v2\/users\/1"}],"replies":[{"embeddable":true,"href":"https:\/\/www.olinews.it\/mt\/index.php?rest_route=%2Fwp%2Fv2%2Fcomments&post=286"}],"version-history":[{"count":0,"href":"https:\/\/www.olinews.it\/mt\/index.php?rest_route=\/wp\/v2\/posts\/286\/revisions"}],"wp:attachment":[{"href":"https:\/\/www.olinews.it\/mt\/index.php?rest_route=%2Fwp%2Fv2%2Fmedia&parent=286"}],"wp:term":[{"taxonomy":"category","embeddable":true,"href":"https:\/\/www.olinews.it\/mt\/index.php?rest_route=%2Fwp%2Fv2%2Fcategories&post=286"},{"taxonomy":"post_tag","embeddable":true,"href":"https:\/\/www.olinews.it\/mt\/index.php?rest_route=%2Fwp%2Fv2%2Ftags&post=286"}],"curies":[{"name":"wp","href":"https:\/\/api.w.org\/{rel}","templated":true}]}}