{"id":2882,"date":"2013-02-14T19:55:00","date_gmt":"2013-02-14T18:55:00","guid":{"rendered":"http:\/\/www.olinews.it\/mt\/?p=2882"},"modified":"2020-04-28T19:31:58","modified_gmt":"2020-04-28T18:31:58","slug":"oli-365-palestina-israele-non-applica-la-pena-di-morte","status":"publish","type":"post","link":"https:\/\/www.olinews.it\/mt\/?p=2882","title":{"rendered":"OLI 365: PALESTINA &#8211; Israele non applica la pena di morte"},"content":{"rendered":"<div dir=\"ltr\" style=\"text-align: left;\">Sono pi\u00f9 di 3848 i palestinesi arrestati nel 2012, secondo i dati ufficiali diffusi dal Dipartimento di Statistica presso il ministero degli Affari dei detenuti di Ramallah, tra cui 881 bambini e 67 donne. La media mensile degli arresti \u00e8 stata di 321 palestinesi, quella giornaliera di 11.<br \/>Gli arresti da parte delle forze militari israeliane sono all&#8217;ordine del giorno: accademici, giornalisti, insegnanti, figure di spicco in campo politico della societ\u00e0 palestinese, componenti dei comitati popolari vengono aggrediti ed arrestati con la scusa della \u201csicurezza\u201d.<br \/>Sono tanti i prigionieri che protestano con lo sciopero della fame, il caso pi\u00f9 discusso in questi giorni \u00e8 quello di Samer Tarek al-\u2019Issawi di 34 anni arrestato per la seconda volta il 7 luglio 2012 con l\u2019accusa di aver organizzato attivit\u00e0 politiche e visitato alcune zone della Cisgiordania; il pubblico ministero israeliano ha chiesto di condannarlo a vent\u2019anni di carcere. Samer viveva nel villaggio di al-&#8216;Issawiya a nord est di Gerusalemme. I suoi genitori sono stati pi\u00f9 volte arrestati; nel 1994 \u00e8 morto il fratello di Samer di 16 anni ucciso da un soldato israeliano durante gli scontri che seguirono il massacro della moschea di al-Ibrahim a Hebron. Un altro fratello \u00e8 detenuto in un carcere israeliano e lo hanno messo in isolamento, non pu\u00f2 incontrare la sua famiglia. Samer, che ha gi\u00e0 perso 47 chili, sta portando avanti una battaglia contro le condizioni di vita a cui sono costretti i detenuti palestinesi nel sistema carcerario israeliano.<br \/>&#8221; <i>&#8230; non sapere se tuo figlio morir\u00e0, attendere con angoscia che ti dicano che non ce l&#8217;ha fatta. Non potergli stare vicino in un simile momento<\/i>\u201d, ha dichiarato la mamma, \u201c<i>Lo so, dobbiamo essere coraggiosi: ci hanno preso la terra, hanno ucciso nostro figlio, e ora hanno in mano Samer e Medhat<\/i>&#8220;.<br \/>I militari israeliani non perdono l&#8217;occasione per arrestare durante le manifestazioni anche attivisti internazionali che protestano insieme ai palestinesi contro l&#8217;occupazione. Sabato scorso a Canaan \u00e8 stato arrestato un attivista italiano, Marco Di Rienzo, uno inglese dell&#8217;ISM (International Solidarity Movement) e 12 palestinesi di cui 4 giornalisti. Gli attivisti stavano costruendo il quinto villaggio formato da tende come segno di protesta contro gli insediamenti illegali israeliani.<br \/>Di Renzo ha deciso di seguire lo sciopero della fame avviato tre giorni fa in solidariet\u00e0 con i detenuti politici palestinesi in carcere in Israele, in particolare con Samer Issawi.<br \/>Il ministero dell\u2019Informazione in Cisgiordania ha paragonato il protrarsi della detenzione di al-\u2019Issawi ad \u201c<i>una condanna a morte, eseguita lentamente da uno Stato che dichiara di rispettare le leggi internazionali e si vanta di non applicare la pena di morte<\/i>\u201d.<br \/><b>(<i>Maria Di Pietro&nbsp;<\/i>)<\/b> <\/div>\n","protected":false},"excerpt":{"rendered":"<p>Sono pi\u00f9 di 3848 i palestinesi arrestati nel 2012, secondo i dati ufficiali diffusi dal Dipartimento di Statistica presso il ministero degli Affari dei detenuti di Ramallah, tra cui 881 bambini e 67 donne. La media mensile degli arresti \u00e8 stata di 321 palestinesi, quella giornaliera di 11.Gli arresti da parte delle forze militari israeliane [&hellip;]<\/p>\n","protected":false},"author":1,"featured_media":0,"comment_status":"closed","ping_status":"closed","sticky":false,"template":"","format":"standard","meta":{"footnotes":""},"categories":[591,284,1515,440],"tags":[],"class_list":["post-2882","post","type-post","status-publish","format-standard","hentry","category-israele","category-maria-di-pietro","category-oli-365","category-palestina"],"_links":{"self":[{"href":"https:\/\/www.olinews.it\/mt\/index.php?rest_route=\/wp\/v2\/posts\/2882","targetHints":{"allow":["GET"]}}],"collection":[{"href":"https:\/\/www.olinews.it\/mt\/index.php?rest_route=\/wp\/v2\/posts"}],"about":[{"href":"https:\/\/www.olinews.it\/mt\/index.php?rest_route=\/wp\/v2\/types\/post"}],"author":[{"embeddable":true,"href":"https:\/\/www.olinews.it\/mt\/index.php?rest_route=\/wp\/v2\/users\/1"}],"replies":[{"embeddable":true,"href":"https:\/\/www.olinews.it\/mt\/index.php?rest_route=%2Fwp%2Fv2%2Fcomments&post=2882"}],"version-history":[{"count":1,"href":"https:\/\/www.olinews.it\/mt\/index.php?rest_route=\/wp\/v2\/posts\/2882\/revisions"}],"predecessor-version":[{"id":5439,"href":"https:\/\/www.olinews.it\/mt\/index.php?rest_route=\/wp\/v2\/posts\/2882\/revisions\/5439"}],"wp:attachment":[{"href":"https:\/\/www.olinews.it\/mt\/index.php?rest_route=%2Fwp%2Fv2%2Fmedia&parent=2882"}],"wp:term":[{"taxonomy":"category","embeddable":true,"href":"https:\/\/www.olinews.it\/mt\/index.php?rest_route=%2Fwp%2Fv2%2Fcategories&post=2882"},{"taxonomy":"post_tag","embeddable":true,"href":"https:\/\/www.olinews.it\/mt\/index.php?rest_route=%2Fwp%2Fv2%2Ftags&post=2882"}],"curies":[{"name":"wp","href":"https:\/\/api.w.org\/{rel}","templated":true}]}}