{"id":2887,"date":"2013-02-14T19:30:00","date_gmt":"2013-02-14T18:30:00","guid":{"rendered":"http:\/\/www.olinews.it\/mt\/?p=2887"},"modified":"2020-04-28T19:33:09","modified_gmt":"2020-04-28T18:33:09","slug":"oli-365-lettere-vaccinarsi-contro-il-fascismo","status":"publish","type":"post","link":"https:\/\/www.olinews.it\/mt\/?p=2887","title":{"rendered":"OLI 365: LETTERE &#8211; Vaccinarsi contro il fascismo"},"content":{"rendered":"<div dir=\"ltr\" style=\"text-align: left;\">Un compagno venticinquenne mi parla dell\u2019ANPI, del circolo di Pegli in particolare, mi dice di quello che fanno, delle cose che organizzano, di quanto ci sia partecipazione e voglia di fare. Mi chiede qualche tempo fa &#8211; visto che quest\u2019anno l\u2019ANPI si impegna in particolare rispetto ai temi della legalit\u00e0 e della violenza maschile contro le donne &#8211; se mi interessa intervenire, che ha fatto il mio nome alla presidente del circolo. Io non esito, mi sento contenta, mi piace molto questa proposta.<br \/>Chiedo come mi devo vestire, quanto devo parlare, quanta gente ci sar\u00e0 e tutto quanto. Poi arriva sabato pomeriggio, il posto \u00e8 carino, sul lungomare di Pegli, c\u2019\u00e8 aria di sagra, c\u2019\u00e8 da bere e da mangiare, in brevissimo la sala si riempie, c\u2019\u00e8 calore e grande attenzione.<br \/>La presidente introduce, cantano due canzoni, il gruppo musicale dell\u2019associazione Multedo 1930, due canzoni che parlano di donne, poi tocca a me.<\/p>\n<div style=\"clear: both; text-align: center;\"><a href=\"http:\/\/4.bp.blogspot.com\/-TyBQBUw19TY\/URznAdK5xXI\/AAAAAAAACaw\/gKjVhXlNE6U\/s1600\/OLI365_P2090011.jpg\" style=\"clear: left; float: left; margin-bottom: 1em; margin-right: 1em;\"><img loading=\"lazy\" decoding=\"async\" border=\"0\" height=\"300\" src=\"https:\/\/olinews.it\/mt\/wp-content\/uploads\/2020\/04\/OLI365_P2090011.jpg\" width=\"400\" \/><\/a><\/div>\n<p>Sono emozionata e felice, prendo il microfono, tutto rimbomba e appena inizio a parlare non ho pi\u00f9 freddo. La sala mi ascolta e mi guarda con grande attenzione, mi aspettavo tanti uomini &#8211; pregiudizi &#8211; all\u2019ANPI e invece per la maggior parte sono donne.<br \/>Fanno s\u00ec con la testa, quando dico che violenza maschile contro le donne \u00e8 anche il silenzio in cui sono state schiacciate le partigiane, accusate anzich\u00e9 onorate, di non esser state al loro posto. Dicono \u201c\u00e8 vero!\u201d, e battono le mani.<br \/>Dico cos\u2019\u00e8 per me, parlo di responsabilit\u00e0, parlo del fatto che non \u00e8 e non pu\u00f2 essere un problema delle donne. Dico che finch\u00e8 non cambier\u00e0 la cultura, finch\u00e8 non si smetter\u00e0 di accettare che violenza e possesso siano scambiati per amore ci sar\u00e0 spazio per una cultura maschilista e prevaricatrice.<br \/>Poi interviene Andrea &#8211; il compagno di cui sopra &#8211; parla di legalit\u00e0, di eroi, dell\u2019impossibilit\u00e0 di costruire \u201ca compartimenti stagni\u201d, dell\u2019urgenza di attivarsi sui valori, senza scivolare nei personalismi, del fatto che il 25 aprile non \u00e8 una festa facile perch\u00e9 ci ricorda che l\u00ec, allora, \u00e8 stata fatta una scelta, si \u00e8 scelto da che parte stare e non tutt* hanno scelto allo stesso modo. Gli battiamo le mani, sorride, contento.<br \/>Il coro riprende, ci si ristora con il \u201crinfresco partigiano\u201d, si fanno le tessere, si ascoltano le canzoni vecchie e nuove, note e meno note. \u00c8 la festa del tesseramento, la festa dell\u2019inizio delle attivit\u00e0 previste per l\u2019anno, \u00e8 una festa calda, forse un po\u2019 malinconica, ma forte, viva. Mi siedo e compilo la tessera, mentre si intonano canzoni e ci si passa vassoi di focaccia e di emozioni, una signora mi bacia sulla testa, mi viene vicino, mi dice \u201cbrava, hai detto delle cose giuste\u201d, e parla un po\u2019 genovese e un po\u2019 in italiano e poi si scusa che \u00e8 emozionata e ci soffermiamo un po\u2019, e mi chiede, e poi un\u2019altra, e un\u2019altra, e mi danno la mano e mi dicono che se ci siamo noi c\u2019\u00e8 speranza, e io mi confondo e sono pi\u00f9 emozionata di loro.<br \/>Finch\u00e8 non cantiamo tutt* Bella ciao, e mentre ci si avvia all\u2019uscita un\u2019altra signora, commossa, con chi le diceva \u201cma no, ma dai, non si piange!\u201d, sempre in genovese, dice che queste cose non si possono, non si devono dimenticare, che lei l\u2019ha visto com\u2019\u00e8, che noi giovani non dobbiamo permetterlo, che non dev\u2019essere mai pi\u00f9. Mi prende sotto il mento, piano, con la mano leggera, mi guarda negli occhi con un\u2019intensit\u00e0 rara \u201csei bella!\u201d \u201canche lei, bellissima!\u201d, rispondo, e piango anch\u2019io di quell\u2019emozione. Le do la mia parola: non lo permetteremo.<br \/><b>(<i>Valentina Genta<\/i>)<\/b> <\/div>\n","protected":false},"excerpt":{"rendered":"<p>Un compagno venticinquenne mi parla dell\u2019ANPI, del circolo di Pegli in particolare, mi dice di quello che fanno, delle cose che organizzano, di quanto ci sia partecipazione e voglia di fare. Mi chiede qualche tempo fa &#8211; visto che quest\u2019anno l\u2019ANPI si impegna in particolare rispetto ai temi della legalit\u00e0 e della violenza maschile contro [&hellip;]<\/p>\n","protected":false},"author":1,"featured_media":0,"comment_status":"closed","ping_status":"closed","sticky":false,"template":"","format":"standard","meta":{"footnotes":""},"categories":[1544,341,336,160,1515,1498],"tags":[],"class_list":["post-2887","post","type-post","status-publish","format-standard","hentry","category-anpi","category-antifascismo","category-fascismo","category-lettere","category-oli-365","category-valentina-genta"],"_links":{"self":[{"href":"https:\/\/www.olinews.it\/mt\/index.php?rest_route=\/wp\/v2\/posts\/2887","targetHints":{"allow":["GET"]}}],"collection":[{"href":"https:\/\/www.olinews.it\/mt\/index.php?rest_route=\/wp\/v2\/posts"}],"about":[{"href":"https:\/\/www.olinews.it\/mt\/index.php?rest_route=\/wp\/v2\/types\/post"}],"author":[{"embeddable":true,"href":"https:\/\/www.olinews.it\/mt\/index.php?rest_route=\/wp\/v2\/users\/1"}],"replies":[{"embeddable":true,"href":"https:\/\/www.olinews.it\/mt\/index.php?rest_route=%2Fwp%2Fv2%2Fcomments&post=2887"}],"version-history":[{"count":1,"href":"https:\/\/www.olinews.it\/mt\/index.php?rest_route=\/wp\/v2\/posts\/2887\/revisions"}],"predecessor-version":[{"id":5453,"href":"https:\/\/www.olinews.it\/mt\/index.php?rest_route=\/wp\/v2\/posts\/2887\/revisions\/5453"}],"wp:attachment":[{"href":"https:\/\/www.olinews.it\/mt\/index.php?rest_route=%2Fwp%2Fv2%2Fmedia&parent=2887"}],"wp:term":[{"taxonomy":"category","embeddable":true,"href":"https:\/\/www.olinews.it\/mt\/index.php?rest_route=%2Fwp%2Fv2%2Fcategories&post=2887"},{"taxonomy":"post_tag","embeddable":true,"href":"https:\/\/www.olinews.it\/mt\/index.php?rest_route=%2Fwp%2Fv2%2Ftags&post=2887"}],"curies":[{"name":"wp","href":"https:\/\/api.w.org\/{rel}","templated":true}]}}