{"id":2904,"date":"2013-01-23T07:55:00","date_gmt":"2013-01-23T06:55:00","guid":{"rendered":"http:\/\/www.olinews.it\/mt\/?p=2904"},"modified":"2020-04-28T19:33:19","modified_gmt":"2020-04-28T18:33:19","slug":"oli-362-voto-allestero-diritto-negato-a-temporanei-e-precari","status":"publish","type":"post","link":"https:\/\/www.olinews.it\/mt\/?p=2904","title":{"rendered":"OLI 362: VOTO ALL&#8217;ESTERO &#8211; Diritto negato a temporanei e precari"},"content":{"rendered":"<div dir=\"ltr\" style=\"text-align: left;\">Forte la polemica in questi giorni sugli studenti Erasmus  lontani dall\u2019Italia che non possono votare, mentre ancora si rabbrividisce al ricordo dei pasticci dei parlamentari eletti all\u2019estero con la giustissima legge voluta da Pino Tatarella, che colm\u00f2 un vuoto legislativo davvero indegno. Su modello anglosassone con il Decreto-legge 18 dicembre 2012, n. 223 si \u00e8 ampliata ulteriormente la platea degli elettori e cos\u00ec alcune categorie di cittadini residenti temporaneamente all\u2019estero e ai quali non \u00e8 richiesta l\u2019obbligo di iscrizione all\u2019Aire, Anagrafe italiana residenti all\u2019estero, possono votare per corrispondenza.<br \/><i>\u201cLe categorie individuate sono: appartenenti alle Forze armate e alle Forze di polizia temporaneamente all\u2019estero in quanto impegnati nello svolgimento di missioni internazionali; dipendenti di amministrazioni dello Stato, di regioni o di province autonome, temporaneamente all\u2019estero per motivi di servizio, qualora la durata prevista della loro permanenza all\u2019estero sia superiore a tre mesi e inferiore a dodici mesi i loro familiari conviventi; professori e ricercatori universitari che si trovano in servizio presso istituti universitari e di ricerca all\u2019estero per una durata complessiva di almeno sei mesi e non pi\u00f9 di dodici mesi che, alla data del Decreto del Presidente della Repubblica di convocazione dei comizi, si trovano all\u2019estero da almeno tre mesi, nonch\u00e9, qualora non iscritti nelle anagrafi dei cittadini italiani all\u2019estero, i loro familiari conviventi.\u201d&nbsp;<\/i><br \/>E tutti gli altri? Lodevole la legge, ma assolutamente discriminante, infatti dai \u201ctemporaneamente all\u2019estero\u201d sono esclusi non soltanto gli <i>Erasmus<\/i>, ma tutti i cittadini italiani che sono fuori dall\u2019Italia, come ad esempio i ragazzi che frequentano corsi di studio pi\u00f9 lunghi di un <i>Erasmus<\/i>, durevole al massimo un anno,  ma anche coloro che sono andati via perch\u00e9 nel nostro Paese non hanno trovato lavoro e magari sono partiti per una sistemazione precaria, un contratto a termine, una chance altrove.<br \/>In realt\u00e0 iscriversi all\u2019Aire sarebbe obbligatorio, trascorsi tre mesi dall\u2019arrivo in un altro Paese, ma molti non lo fanno e non per una mera questione di tasse, bens\u00ec perch\u00e9 si viene cancellati automaticamente dall\u2019assistenza sanitaria nazionale quando si comunica al proprio Comune la diversa residenza: se  si rientra in Italia si ha diritto all\u2019assistenza sanitaria per  90 giorni e soltanto per cure urgenti, salvo ricambiare la residenza. Tutto ci\u00f2 se non si ha distacco per lavoro, un lavoro ufficiale, certificato da un\u2019azienda e se si \u00e8 nei paesi Ue o in Paesi che prevedono accordi sanitari: se si ha bisogno meglio presentare il proprio tesserino Asl e basta.<br \/>Almeno in Europa,  altrove il Ministero degli Esteri consiglia \u201cla stipula di un\u2019assistenza sanitaria privata\u201d. Quanti sono in realt\u00e0 gli italiani all\u2019estero che non sono dichiarati con lo status di \u201cemigranti\u201d?  Una marea e  tantissimi sono i giovani, che vagano per un lavoro o per studio e non certo per turismo. Ma il loro voto non interessa alla politica, che ne fa un gran parlare ma non li considera \u201dcittadini aventi diritto al voto\u201d. Se ne sono dimenticati, anche se ora farebbero comodo almeno un po&#8217; di migliaia di voti in pi\u00f9.<br \/><b>(<i>Bianca Vergati<\/i>)<\/b><\/div>\n","protected":false},"excerpt":{"rendered":"<p>Forte la polemica in questi giorni sugli studenti Erasmus lontani dall\u2019Italia che non possono votare, mentre ancora si rabbrividisce al ricordo dei pasticci dei parlamentari eletti all\u2019estero con la giustissima legge voluta da Pino Tatarella, che colm\u00f2 un vuoto legislativo davvero indegno. Su modello anglosassone con il Decreto-legge 18 dicembre 2012, n. 223 si \u00e8 [&hellip;]<\/p>\n","protected":false},"author":1,"featured_media":0,"comment_status":"closed","ping_status":"closed","sticky":false,"template":"","format":"standard","meta":{"footnotes":""},"categories":[294,410,785,1566,330,1568,1567],"tags":[],"class_list":["post-2904","post","type-post","status-publish","format-standard","hentry","category-bianca-vergati","category-elezioni","category-giovani","category-oli-362","category-precariato","category-studenti","category-voto-estero"],"_links":{"self":[{"href":"https:\/\/www.olinews.it\/mt\/index.php?rest_route=\/wp\/v2\/posts\/2904","targetHints":{"allow":["GET"]}}],"collection":[{"href":"https:\/\/www.olinews.it\/mt\/index.php?rest_route=\/wp\/v2\/posts"}],"about":[{"href":"https:\/\/www.olinews.it\/mt\/index.php?rest_route=\/wp\/v2\/types\/post"}],"author":[{"embeddable":true,"href":"https:\/\/www.olinews.it\/mt\/index.php?rest_route=\/wp\/v2\/users\/1"}],"replies":[{"embeddable":true,"href":"https:\/\/www.olinews.it\/mt\/index.php?rest_route=%2Fwp%2Fv2%2Fcomments&post=2904"}],"version-history":[{"count":1,"href":"https:\/\/www.olinews.it\/mt\/index.php?rest_route=\/wp\/v2\/posts\/2904\/revisions"}],"predecessor-version":[{"id":5481,"href":"https:\/\/www.olinews.it\/mt\/index.php?rest_route=\/wp\/v2\/posts\/2904\/revisions\/5481"}],"wp:attachment":[{"href":"https:\/\/www.olinews.it\/mt\/index.php?rest_route=%2Fwp%2Fv2%2Fmedia&parent=2904"}],"wp:term":[{"taxonomy":"category","embeddable":true,"href":"https:\/\/www.olinews.it\/mt\/index.php?rest_route=%2Fwp%2Fv2%2Fcategories&post=2904"},{"taxonomy":"post_tag","embeddable":true,"href":"https:\/\/www.olinews.it\/mt\/index.php?rest_route=%2Fwp%2Fv2%2Ftags&post=2904"}],"curies":[{"name":"wp","href":"https:\/\/api.w.org\/{rel}","templated":true}]}}