{"id":2971,"date":"2012-11-06T17:35:00","date_gmt":"2012-11-06T16:35:00","guid":{"rendered":"http:\/\/www.olinews.it\/mt\/?p=2971"},"modified":"2020-04-28T19:34:14","modified_gmt":"2020-04-28T18:34:14","slug":"oli-355-don-farinella-i-quaranta-anni-di-un-ottimo-parroco","status":"publish","type":"post","link":"https:\/\/www.olinews.it\/mt\/?p=2971","title":{"rendered":"OLI 355: DON FARINELLA &#8211; I quaranta anni di un ottimo parroco"},"content":{"rendered":"<div dir=\"ltr\" style=\"text-align: left;\">\n<div style=\"clear: both; text-align: center;\"><a href=\"http:\/\/2.bp.blogspot.com\/-we6JDtAvRMU\/UJhEhi8w0mI\/AAAAAAAABkI\/d0rRdTySrfY\/s1600\/farinella_oli.jpg\" style=\"clear: left; float: left; margin-bottom: 1em; margin-right: 1em;\"><img loading=\"lazy\" decoding=\"async\" border=\"0\" height=\"263\" src=\"https:\/\/olinews.it\/mt\/wp-content\/uploads\/2020\/04\/farinella_oli.jpg\" width=\"400\" \/><\/a><\/div>\n<p>Gioved\u00ec 1 novembre alla Chiesa di San Torpete \u00e8 in programma un concerto della \u201cAccademia dei virtuosi\u201d, <i>ensemble<\/i> della Scuola Musicale Giuseppe Conte e della Cappella Musicale della Chiesa di San Torpete, direttore Luca Franco Ferrari. Musiche di Josquin Des Prez. Ci vado, \u00e8 la prima volta che entro in questa chiesa, e scopro che non si svolger\u00e0 un concerto in senso proprio: le musiche sono previste ad accompagnamento della liturgia. Ma la vera scoperta \u00e8 che non si tratta di un giorno qualsiasi, perch\u00e9 si festeggiano i quaranta anni di sacerdozio di Don Farinella, famoso prete &#8216;diavolo&#8217; per una parte della gerarchia ecclesiastica e della politica genovese.<br \/>Anche a chi come me non era mai andato in questo luogo salta agli occhi che quella l\u00ec riunita \u00e8 una comunit\u00e0 molto coesa. Sembra che tutti si conoscano tra loro, e si dividano i compiti necessari.  Dopo un numero indeterminato di anni mi trovo ad ascoltare una messa senza esserci portata da un matrimonio o da un funerale.<\/p>\n<div style=\"clear: both; text-align: center;\"><\/div>\n<div style=\"clear: both; text-align: center;\"><\/div>\n<div style=\"clear: both; text-align: center;\"><a href=\"http:\/\/2.bp.blogspot.com\/-cBLyfHBTSTo\/UJhFnCcf06I\/AAAAAAAABkg\/xkgCcGNX_T4\/s1600\/farinella_oli2r1.jpg\" style=\"clear: right; float: right; margin-bottom: 1em; margin-left: 1em;\"><img loading=\"lazy\" decoding=\"async\" border=\"0\" height=\"400\" src=\"https:\/\/olinews.it\/mt\/wp-content\/uploads\/2020\/04\/farinella_oli2r1.jpg\" width=\"263\" \/><\/a><\/div>\n<p>La musica \u00e8 bella, e l\u2019insieme musicale di ottimo livello, ma diversamente dalle aspettative con cui sono venuta quello che mi prende di pi\u00f9 sono le parole, quelle promunciate e quelle scritte. Ognuno riceve infatti un plico di 12 pagine, con note sulla musica che verr\u00e0 eseguita, parole e letture della liturgia, \u2018spunti di omelia\u2019, suggerimenti per la riflessione personale, esegesi dei testi, avvisi, programmi e appuntamenti futuri, religiosi, musicali, culturali. Dietro ogni incontro in questa chiesa c\u2019\u00e8 davvero un gran lavoro. Nella sua introduzione all\u2019evento Don Farinella dice \u201cRingrazio Dio di avermi chiamato ad essere prete con un cuore laico\u201d. Ringrazio anche io, laica e non credente, perch\u00e9 ho potuto ascoltare e leggere parole che mi sono vicine, che posso condividere. Ad esempio la chiara coscienza della parzialit\u00e0 e del limite di qualunque espressione umana, inclusa l\u2019appartenenza ad una determinata religione.<br \/>Don Farinella ricorda quanti di pi\u00f9 siano e siano state le persone che non hanno alcun legame con la religione cattolica, ma in questa presa d\u2019atto non c\u2019\u00e8 l\u2019ansia di \u201cfarli propri\u201d, ma il riconoscimento della loro appartenenza comunque alla divinit\u00e0 e santit\u00e0.  Nel discorso di Farinella i santi e le sante diventano cos\u00ec persone quotidiane e sconosciute. Dice che bisognerebbe superare il monopolio della promozione a santit\u00e0 esercitato dalla Chiesa secondo un dubbio modello ispirato alla mortificazione e alla sofferenza come condizione essenziale della vita. La cosa pi\u00f9 giusta, dice Farinella, sarebbe proprio eliminare dal calendario i nomi di questa piccola manciata di santi e sante, perch\u00e9 il mondo ne \u00e8 invece pieno, ed \u201cessere santi significa in primo luogo essere se stessi, esserlo sempre, esserlo senza paura \u2026 se nel lavoro, nelle scelte di vita, nella vita di famiglia, con gli amici, in viaggio, ovunque, diamo un senso a tutto quello che operiamo e che facciamo, noi estendiamo la santit\u00e0 di Dio attraverso la normalit\u00e0 e la ordinariet\u00e0 della nostra vita vissuta come un pellegrinaggio verso la tappa conclusiva che \u00e8 l\u2019inizio di un\u2019era nuova: il Regno escatologico di Dio\u201d.<br \/>Da laica non credente non posso che fermarmi alla \u2018tappa conclusiva\u2019, ma fino a l\u00ec la compagnia di persone come questo \u2018ottimo parroco\u2019 mi pare preziosa.<br \/><b>(<i>Paola Pierantoni &#8211; foto dell&#8217;autrice<\/i>)<\/b> <\/div>\n","protected":false},"excerpt":{"rendered":"<p>Gioved\u00ec 1 novembre alla Chiesa di San Torpete \u00e8 in programma un concerto della \u201cAccademia dei virtuosi\u201d, ensemble della Scuola Musicale Giuseppe Conte e della Cappella Musicale della Chiesa di San Torpete, direttore Luca Franco Ferrari. Musiche di Josquin Des Prez. Ci vado, \u00e8 la prima volta che entro in questa chiesa, e scopro che [&hellip;]<\/p>\n","protected":false},"author":1,"featured_media":0,"comment_status":"closed","ping_status":"closed","sticky":false,"template":"","format":"standard","meta":{"footnotes":""},"categories":[20,16,483,1678,1677,345,525],"tags":[],"class_list":["post-2971","post","type-post","status-publish","format-standard","hentry","category-citta","category-cultura","category-don-farinella","category-etica","category-oli-355","category-paola-pierantoni","category-religione"],"_links":{"self":[{"href":"https:\/\/www.olinews.it\/mt\/index.php?rest_route=\/wp\/v2\/posts\/2971","targetHints":{"allow":["GET"]}}],"collection":[{"href":"https:\/\/www.olinews.it\/mt\/index.php?rest_route=\/wp\/v2\/posts"}],"about":[{"href":"https:\/\/www.olinews.it\/mt\/index.php?rest_route=\/wp\/v2\/types\/post"}],"author":[{"embeddable":true,"href":"https:\/\/www.olinews.it\/mt\/index.php?rest_route=\/wp\/v2\/users\/1"}],"replies":[{"embeddable":true,"href":"https:\/\/www.olinews.it\/mt\/index.php?rest_route=%2Fwp%2Fv2%2Fcomments&post=2971"}],"version-history":[{"count":1,"href":"https:\/\/www.olinews.it\/mt\/index.php?rest_route=\/wp\/v2\/posts\/2971\/revisions"}],"predecessor-version":[{"id":5622,"href":"https:\/\/www.olinews.it\/mt\/index.php?rest_route=\/wp\/v2\/posts\/2971\/revisions\/5622"}],"wp:attachment":[{"href":"https:\/\/www.olinews.it\/mt\/index.php?rest_route=%2Fwp%2Fv2%2Fmedia&parent=2971"}],"wp:term":[{"taxonomy":"category","embeddable":true,"href":"https:\/\/www.olinews.it\/mt\/index.php?rest_route=%2Fwp%2Fv2%2Fcategories&post=2971"},{"taxonomy":"post_tag","embeddable":true,"href":"https:\/\/www.olinews.it\/mt\/index.php?rest_route=%2Fwp%2Fv2%2Ftags&post=2971"}],"curies":[{"name":"wp","href":"https:\/\/api.w.org\/{rel}","templated":true}]}}