{"id":2996,"date":"2012-10-16T16:35:00","date_gmt":"2012-10-16T15:35:00","guid":{"rendered":"http:\/\/www.olinews.it\/mt\/?p=2996"},"modified":"2020-04-28T19:37:17","modified_gmt":"2020-04-28T18:37:17","slug":"oli-352-informazione-il-carlo-felice-merita-un-sito-migliore","status":"publish","type":"post","link":"https:\/\/www.olinews.it\/mt\/?p=2996","title":{"rendered":"OLI 352: INFORMAZIONE &#8211; Il Carlo Felice merita un sito migliore"},"content":{"rendered":"<div dir=\"ltr\" style=\"text-align: left;\">Il  9 ottobre \u00e8 stata presentata la stagione di musica lirica e sinfonica del Teatro Carlo Felice di Genova: il programma, non brillante per originalit\u00e0 e novit\u00e0 dell\u2019offerta, si affida a titoli di sicura presa  (da Don Giovanni  a Turandot, da Traviata a Rigoletto), affidandoli a nomi di tutto rispetto, Jessica Pratt e Sonia Ganassi in Don Giovanni, Mariella Dess\u00ec e Fabio Armiliato in Turandot, Rolando Panerai nella doppia veste di regista di Rigoletto ed interprete di Giorgio Germont in Traviata.<br \/>Non \u00e8 evidentemente andata a buon fine la trattativa per avere in cartellone un musical di Andrew Lloyd Webber, annunciata dal sovrintendente Giovanni Pacor lo scorso 8 agosto, al termine del consiglio d\u2019amministrazione della Fondazione Carlo Felice.<br \/><a href=\"http:\/\/3.bp.blogspot.com\/-M1WutU7DUt4\/UH1WhXdFQOI\/AAAAAAAAAO8\/oD0rGf9MIi4\/s1600\/carloInfelice.bmp\" style=\"clear: left; float: left; margin-bottom: 1em; margin-right: 1em;\"><img loading=\"lazy\" decoding=\"async\" border=\"0\" height=\"317\" src=\"https:\/\/olinews.it\/mt\/wp-content\/uploads\/2020\/04\/carloInfelice.jpg\" width=\"400\" \/><\/a>Nella difficolt\u00e0 economica attuale, dove i contratti di solidariet\u00e0 terminano a fine ottobre, mentre per il 2013 non \u00e8 ancora nota l\u2019entit\u00e0 del Fus (Fondo unico per lo spettacolo), l\u2019obiettivo principale, sostengono il sindaco Doria ed il sovrintendente Pacor, \u00e8 quello di aumentare le presenze in sala, ferme al 38% lo scorso anno: ben si comprende quindi, anche se non piace, la presenza esclusiva di opere che \u201cfanno il pieno\u201d, \u201call\u2019insegna della tradizione\u201d, specie se bilanciate dalla presenza di nomi dello star system, alcuni dei quali, sostiene il sito del Comune di Genova, andranno in scena a tariffe inferiori agli standard.<br \/>Di tutto questo, tuttavia, trapela ben poco dal <a href=\"http:\/\/www.carlofelice.it\/\" target=\"_blank\" rel=\"noopener noreferrer\">sito del Teatro Carlo Felice<\/a>, la cui homepage, dominata dal profilo scompigliato di Giovanni Allevi, presenta in alto varie voci, tra cui \u201cOpera Lirica\u201d e \u201cSinfonica\u201d, ma se si clicca su \u201cOpera Lirica\u201d si  viene informati che \u201cNon sono ancora presenti spettacoli di questo tipo\u201d , mentre la voce \u201cSinfonica\u201d riporta un unico evento: Giovanni Allevi, appunto.<\/p>\n<div style=\"clear: both; text-align: center;\"><a href=\"http:\/\/3.bp.blogspot.com\/-0dsWOZBJNEA\/UH1XLkUVGkI\/AAAAAAAAAPE\/4qvyWhXM6nw\/s1600\/allevi.bmp\" style=\"clear: right; float: right; margin-bottom: 1em; margin-left: 1em;\"><img loading=\"lazy\" decoding=\"async\" border=\"0\" height=\"286\" src=\"https:\/\/olinews.it\/mt\/wp-content\/uploads\/2020\/04\/allevi.jpg\" width=\"400\" \/><\/a><\/div>\n<p>Dove sono finite le annunciate stagioni lirica e sinfonica?   Per trovarne traccia bisogna tornare alla homepage, e scorrerla fino in fondo facendo emergere,  invisibile a chi si fermi alla prima schermata, la notizia della nomina di Fabio Lusi a Direttore onorario del Carlo Felice, e, a lato, un rinvio alla presentazione della stagione 2012-2013: nulla pi\u00f9 per\u00f2 che un\u2019arida lista (titolo delle opere, autore, data) seguita da un <i>copia-e-incolla<\/i> del comunicato dell\u2019Ufficio Stampa.  Quanto alle tariffe per abbonamenti e singole recite, non ne troviamo traccia: la voce \u201cBiglietteria\u201d  riporta orari, indirizzi mail, telefoni, ma nessun prezzo.  Anche un\u2019informazione completa e curata porta gente a teatro. O no?<br \/><b>(<i>Ivo Ruello<\/i>) <\/b><\/div>\n","protected":false},"excerpt":{"rendered":"<p>Il 9 ottobre \u00e8 stata presentata la stagione di musica lirica e sinfonica del Teatro Carlo Felice di Genova: il programma, non brillante per originalit\u00e0 e novit\u00e0 dell\u2019offerta, si affida a titoli di sicura presa (da Don Giovanni a Turandot, da Traviata a Rigoletto), affidandoli a nomi di tutto rispetto, Jessica Pratt e Sonia Ganassi [&hellip;]<\/p>\n","protected":false},"author":1,"featured_media":0,"comment_status":"closed","ping_status":"closed","sticky":false,"template":"","format":"standard","meta":{"footnotes":""},"categories":[16,13,348,1701,1226],"tags":[],"class_list":["post-2996","post","type-post","status-publish","format-standard","hentry","category-cultura","category-informazione","category-ivo-ruello","category-oli-352","category-teatro-carlo-felice"],"_links":{"self":[{"href":"https:\/\/www.olinews.it\/mt\/index.php?rest_route=\/wp\/v2\/posts\/2996","targetHints":{"allow":["GET"]}}],"collection":[{"href":"https:\/\/www.olinews.it\/mt\/index.php?rest_route=\/wp\/v2\/posts"}],"about":[{"href":"https:\/\/www.olinews.it\/mt\/index.php?rest_route=\/wp\/v2\/types\/post"}],"author":[{"embeddable":true,"href":"https:\/\/www.olinews.it\/mt\/index.php?rest_route=\/wp\/v2\/users\/1"}],"replies":[{"embeddable":true,"href":"https:\/\/www.olinews.it\/mt\/index.php?rest_route=%2Fwp%2Fv2%2Fcomments&post=2996"}],"version-history":[{"count":1,"href":"https:\/\/www.olinews.it\/mt\/index.php?rest_route=\/wp\/v2\/posts\/2996\/revisions"}],"predecessor-version":[{"id":5667,"href":"https:\/\/www.olinews.it\/mt\/index.php?rest_route=\/wp\/v2\/posts\/2996\/revisions\/5667"}],"wp:attachment":[{"href":"https:\/\/www.olinews.it\/mt\/index.php?rest_route=%2Fwp%2Fv2%2Fmedia&parent=2996"}],"wp:term":[{"taxonomy":"category","embeddable":true,"href":"https:\/\/www.olinews.it\/mt\/index.php?rest_route=%2Fwp%2Fv2%2Fcategories&post=2996"},{"taxonomy":"post_tag","embeddable":true,"href":"https:\/\/www.olinews.it\/mt\/index.php?rest_route=%2Fwp%2Fv2%2Ftags&post=2996"}],"curies":[{"name":"wp","href":"https:\/\/api.w.org\/{rel}","templated":true}]}}