{"id":303,"date":"2005-02-24T18:34:19","date_gmt":"2005-02-24T18:34:19","guid":{"rendered":"http:\/\/www.comevedonoidaltonici.com\/wordpress\/?p=303"},"modified":"2005-02-24T18:34:19","modified_gmt":"2005-02-24T18:34:19","slug":"convention-biasotti-e-il-cavaliere-uniti-dalla-base","status":"publish","type":"post","link":"https:\/\/www.olinews.it\/mt\/?p=303","title":{"rendered":"<i>Convention<\/i>. Biasotti e il cavaliere uniti dalla base"},"content":{"rendered":"<p>Una carrellata televisiva sulla sala del Maggior Consiglio di Palazzo Ducale gremita in occasione della convention del governatore uscente della Regione Liguria, ha messo spietatamente in luce che la maggioranza dei convenuti aveva oltre trent&#8217;anni per gamba, nonostante il Secolo XIX abbia riferito che c&#8217;erano &#8220;ragazzi in tiro e altri in jeans&#8221;.<\/p>\n<p><!--more--><br \/>\nDalle facce soddisfatte e plaudenti delle signore  e  dei signori che assistevano alla performance, si ricavava il dato che il popolo che osannava Biasotti era lo stesso che farebbe a pugni per catturare uno sguardo del Cavaliere, nel caso (speriamo di no) capitasse a Genova.<br \/>\nNonostante dunque la trovata del governatore di arruolare nella sua lista candidati presi dalla strada, rigorosamente scelti senza appartenenze e dipendenze politiche allo scopo di prendere le distanze da Berlusconi e dai suoi soci, appare chiaro che l&#8217;area nella quale Biasotti si muove \u00e8 quella del cavaliere. E naturalmente anche quella di Scaiola, malgrado le ricorrenti notizie di diverbi e divergenze enfatizzate dalla stampa per fare notizia. Ai genovesi andrebbe ricordato che Scaiola, prima e durante il G8, era ministro dell&#8217;Interno e che alla vigilia dell&#8217;evento che cost\u00f2 a Genova quello che sappiamo, aveva dichiarato solenne che sarebbe stata assicurata la libert\u00e0  di dimostrare, non quella di spaccare tutto. Accadde esattamente il contrario e il signor ministro scaric\u00f2 la coscienza distribuendo purghe a destra e a sinistra, ma non ebbe lo scatto di dignit\u00e0, come sarebbe accaduto nel mondo anglosassone, di dimettersi.<br \/>\n<em>(Giovanni Meriana)<\/em><\/p>\n","protected":false},"excerpt":{"rendered":"<p>Numero 47<\/p>\n","protected":false},"author":1,"featured_media":0,"comment_status":"open","ping_status":"closed","sticky":false,"template":"","format":"standard","meta":{"footnotes":""},"categories":[49,10],"tags":[],"class_list":["post-303","post","type-post","status-publish","format-standard","hentry","category-49","category-politica"],"_links":{"self":[{"href":"https:\/\/www.olinews.it\/mt\/index.php?rest_route=\/wp\/v2\/posts\/303","targetHints":{"allow":["GET"]}}],"collection":[{"href":"https:\/\/www.olinews.it\/mt\/index.php?rest_route=\/wp\/v2\/posts"}],"about":[{"href":"https:\/\/www.olinews.it\/mt\/index.php?rest_route=\/wp\/v2\/types\/post"}],"author":[{"embeddable":true,"href":"https:\/\/www.olinews.it\/mt\/index.php?rest_route=\/wp\/v2\/users\/1"}],"replies":[{"embeddable":true,"href":"https:\/\/www.olinews.it\/mt\/index.php?rest_route=%2Fwp%2Fv2%2Fcomments&post=303"}],"version-history":[{"count":0,"href":"https:\/\/www.olinews.it\/mt\/index.php?rest_route=\/wp\/v2\/posts\/303\/revisions"}],"wp:attachment":[{"href":"https:\/\/www.olinews.it\/mt\/index.php?rest_route=%2Fwp%2Fv2%2Fmedia&parent=303"}],"wp:term":[{"taxonomy":"category","embeddable":true,"href":"https:\/\/www.olinews.it\/mt\/index.php?rest_route=%2Fwp%2Fv2%2Fcategories&post=303"},{"taxonomy":"post_tag","embeddable":true,"href":"https:\/\/www.olinews.it\/mt\/index.php?rest_route=%2Fwp%2Fv2%2Ftags&post=303"}],"curies":[{"name":"wp","href":"https:\/\/api.w.org\/{rel}","templated":true}]}}