{"id":304,"date":"2005-02-24T18:43:40","date_gmt":"2005-02-24T18:43:40","guid":{"rendered":"http:\/\/www.comevedonoidaltonici.com\/wordpress\/?p=304"},"modified":"2005-02-24T18:43:40","modified_gmt":"2005-02-24T18:43:40","slug":"regionali-perplessita-a-savona-sul-sindaco-candidato","status":"publish","type":"post","link":"https:\/\/www.olinews.it\/mt\/?p=304","title":{"rendered":"<i>Regionali<\/i>. Perplessit\u00e0 a Savona sul sindaco candidato"},"content":{"rendered":"<p>La candidatura del Sindaco di Savona attualmente in carica  alle prossime elezioni regionali, pone una delicata questione sul piano istituzionale e amministrativo.<\/p>\n<p><!--more--><br \/>\nPare, infatti, che emerga la scelta, prevista dalla legge, di arrivare, nell&#8217;eventualit\u00e0 dell&#8217;elezione al Consiglio regionale, alla \u201cdecadenza\u201d dall&#8217;incarico di Sindaco, per far proseguire Giunta e Consiglio, con l&#8217;interim del vice-sindaco, fino alle nuove elezioni Comunali che potranno svolgersi, poich\u00e9 il turno autunnale \u00e8 stato abolito, soltanto nella primavera del 2006.<br \/>\nMi permetto di insistere sul fatto che, in un caso di questo tipo, il candidato che ricopra l&#8217;incarico di Sindaco (in particolare in una Citt\u00e0 di rilevanti dimensioni, capoluogo di Provincia) dovrebbe trovare la sensibilit\u00e0 di dimettersi subito, affidando cos\u00ec il governo del Comune ad un Commissario, per tutto il periodo intercorrente fino alle nuove elezioni.<br \/>\nSi tratta della soluzione pi\u00f9 corretta (al di l\u00e0 del piano etico, sul quale esiste comunque un problema di svolgimento della campagna elettorale, nel corso della quale il soggetto in questione manterrebbe le prerogative sindacali), perch\u00e9, nella scelta della decadenza,si finisce con l&#8217;affidare il governo della Citt\u00e0 a un organismo (la Giunta, di cui il vice-sindaco \u00e8 parte integrante), priva di rapporto diretto con il corpo elettorale: quel rapporto diretto con il corpo elettorale, che rimane comunque, nel quadro dell&#8217;elezione diretta stabilita dalla legge 81\/93, il fondamento decisivo della legittimit\u00e0 istituzionale dell&#8217;amministrazione del Comune.<br \/>\nLa Giunta, infatti (e con essa il vice-sindaco, poich\u00e9 non esiste l&#8217;elezione del cosiddetto \u201cticket\u201d) \u00e8 nominata dal Sindaco eletto, ed ha nei suoi confronti poteri \u201cresiduali\u201d. Addirittura l&#8217;attribuzione delle deleghe \u00e8 \u201cad libitum\u201d del primo cittadino eletto direttamente. In teoria il Sindaco potrebbe nominare la Giunta e farla funzionare, senza attribuire deleghe agli assessori. Difatti l&#8217;eventuale revoca delle deleghe \u00e8 a suo giudizio soggettivo, e non esiste da parte del Consiglio comunale la possibilit\u00e0 di una sfiducia \u201cad personam\u201d per gli assessori, in quanto lo stesso Consiglio non vota la fiducia alla Giunta, come accade, invece, per il Governo nazionale, i cui ministri sono nominati dal presidente della Repubblica su indicazione del presidente del Consiglio.<br \/>\nInsomma: sicuramente la situazione savonese, cos\u00ec come sembra delinearsi, \u00e8 dentro ai canoni della legge, ma potremmo, comunque, definirla come border-line sul piano della correttezza istituzionale. Sarebbe grave, tra l&#8217;altro, che una Amministrazione cos\u00ec mutilata procedesse ad adottare provvedimenti collocati oltre l&#8217;ordinaria amministrazione e la \u201cgestione dell&#8217;esistente\u201d.<br \/>\nSul piano politico il comportamento dell&#8217;Amministrazione \u201cridotta\u201d, sar\u00e0 comunque uno degli elementi oggetto di una campagna elettorale che si annuncia come insolitamente lunga: certo, una operazione, questa della candidatura alle Regionali del Sindaco, che non far\u00e0 il bene della citt\u00e0.<br \/>\n<em>(Franco Astengo)<\/em><\/p>\n","protected":false},"excerpt":{"rendered":"<p>Numero 47<\/p>\n","protected":false},"author":1,"featured_media":0,"comment_status":"open","ping_status":"closed","sticky":false,"template":"","format":"standard","meta":{"footnotes":""},"categories":[49,10],"tags":[],"class_list":["post-304","post","type-post","status-publish","format-standard","hentry","category-49","category-politica"],"_links":{"self":[{"href":"https:\/\/www.olinews.it\/mt\/index.php?rest_route=\/wp\/v2\/posts\/304","targetHints":{"allow":["GET"]}}],"collection":[{"href":"https:\/\/www.olinews.it\/mt\/index.php?rest_route=\/wp\/v2\/posts"}],"about":[{"href":"https:\/\/www.olinews.it\/mt\/index.php?rest_route=\/wp\/v2\/types\/post"}],"author":[{"embeddable":true,"href":"https:\/\/www.olinews.it\/mt\/index.php?rest_route=\/wp\/v2\/users\/1"}],"replies":[{"embeddable":true,"href":"https:\/\/www.olinews.it\/mt\/index.php?rest_route=%2Fwp%2Fv2%2Fcomments&post=304"}],"version-history":[{"count":0,"href":"https:\/\/www.olinews.it\/mt\/index.php?rest_route=\/wp\/v2\/posts\/304\/revisions"}],"wp:attachment":[{"href":"https:\/\/www.olinews.it\/mt\/index.php?rest_route=%2Fwp%2Fv2%2Fmedia&parent=304"}],"wp:term":[{"taxonomy":"category","embeddable":true,"href":"https:\/\/www.olinews.it\/mt\/index.php?rest_route=%2Fwp%2Fv2%2Fcategories&post=304"},{"taxonomy":"post_tag","embeddable":true,"href":"https:\/\/www.olinews.it\/mt\/index.php?rest_route=%2Fwp%2Fv2%2Ftags&post=304"}],"curies":[{"name":"wp","href":"https:\/\/api.w.org\/{rel}","templated":true}]}}