{"id":3050,"date":"2012-06-12T16:30:00","date_gmt":"2012-06-12T15:30:00","guid":{"rendered":"http:\/\/www.olinews.it\/mt\/?p=3050"},"modified":"2020-04-28T19:37:22","modified_gmt":"2020-04-28T18:37:22","slug":"oli-347-lettere-anche-la-malattia-discrimina","status":"publish","type":"post","link":"https:\/\/www.olinews.it\/mt\/?p=3050","title":{"rendered":"OLI 347: LETTERE &#8211; Anche la malattia discrimina"},"content":{"rendered":"<div style=\"clear: both; text-align: center;\"><a href=\"http:\/\/4.bp.blogspot.com\/-MojtTQIffjo\/T9cKNyj7RzI\/AAAAAAAABFg\/AAQVj6XI1wE\/s1600\/SALUTEcolor+piccolo.JPG\" style=\"clear: left; float: left; margin-bottom: 1em; margin-right: 1em;\"><img loading=\"lazy\" decoding=\"async\" border=\"0\" height=\"320\" src=\"https:\/\/olinews.it\/mt\/wp-content\/uploads\/2020\/04\/SALUTEcolorpiccolo.jpg\" width=\"318\" \/><\/a><\/div>\n<p>Negli ultimi tempi, ammettiamolo, la mia salute non \u00e8 stata un granch\u00e8: sono stata operata due volte in poco pi\u00f9 di un mese, sempre con metodologie a bassa invasivit\u00e0 ma, insomma, mi sono beccata due anestesie totali in meno di 40 giorni. La seconda operazione, in particolare, \u00e8 stata abbastanza impegnativa e il decorso post operatorio alquanto doloroso. Sono stata dimessa due giorni dopo l\u2019operazione e attualmente sono ospite a casa di mia madre, che, nonostante non sia pi\u00f9 giovane e a sua volta piena di acciacchi, \u00e8 ben contenta di potersi occupare di me, aiutata da mia sorella, un\u2019infermiera ad alta professionalit\u00e0 che mi sorveglia con occhio d\u2019aquila con la collaborazione di altri amici e parenti. Tutta l\u2019organizzazione funziona anche perch\u00e9, a parte un gatto viziato, non ho altre responsabilit\u00e0 familiari. Mi domando, per\u00f2, cosa sarebbe successo se, appunto, non avessi potuto contare su una rete di relazioni personali cos\u00ec ricca. Mi domando come avrei potuto cavarmela se fossi stata anziana e sola, oppure se fossi stata una donna giovane con figli che dipendevano da me. Sarei riuscita a stare a riposo completo (che, lo garantisco, \u00e8 necessario!) se le urgenze della vita familiare fossero state l\u00ec, sotto i miei occhi? Anche la malattia discrimina per genere: se una donna sta a casa, malata o sana che sia, ci si aspetta che comunque si prenda cura degli altri e sembra quasi innaturale che qualcuno si prenda cura di lei. Anche in questi casi si misura, dunque, come le donne paghino sempre il doppio per il peso del lavoro di cura che in larga misura sostengono: pagano in termini di maggiore fatica, ma anche di minore assistenza, perch\u00e9, se, come giusto, l\u2019ospedale deve essere il luogo degli interventi su malattie acute, allora \u00e8 sulle famiglie e quindi sulle donne che ricade interamente il peso dell\u2019assistenza post acuta. Accorciare i tempi di degenza, aumentare la produttivit\u00e0 degli ospedali \u00e8 senz\u2019altro buona politica, ma fa male alle donne se non si accompagna al trasferimento di risorse sul territorio per organizzare una rete credibile di servizi rivolti alle fasi post acute della malattia. Guardare il mondo con occhi di donna vuol dire anche questo.<br \/><b>(<i>Paola Repetto<\/i> &#8211; Disegno di Guido Rosato)<\/b><\/p>\n","protected":false},"excerpt":{"rendered":"<p>Negli ultimi tempi, ammettiamolo, la mia salute non \u00e8 stata un granch\u00e8: sono stata operata due volte in poco pi\u00f9 di un mese, sempre con metodologie a bassa invasivit\u00e0 ma, insomma, mi sono beccata due anestesie totali in meno di 40 giorni. La seconda operazione, in particolare, \u00e8 stata abbastanza impegnativa e il decorso post [&hellip;]<\/p>\n","protected":false},"author":1,"featured_media":0,"comment_status":"closed","ping_status":"closed","sticky":false,"template":"","format":"standard","meta":{"footnotes":""},"categories":[303,392,1765,1228,386],"tags":[],"class_list":["post-3050","post","type-post","status-publish","format-standard","hentry","category-donne","category-guido-rosato","category-oli-347","category-ospedali","category-sanita"],"_links":{"self":[{"href":"https:\/\/www.olinews.it\/mt\/index.php?rest_route=\/wp\/v2\/posts\/3050","targetHints":{"allow":["GET"]}}],"collection":[{"href":"https:\/\/www.olinews.it\/mt\/index.php?rest_route=\/wp\/v2\/posts"}],"about":[{"href":"https:\/\/www.olinews.it\/mt\/index.php?rest_route=\/wp\/v2\/types\/post"}],"author":[{"embeddable":true,"href":"https:\/\/www.olinews.it\/mt\/index.php?rest_route=\/wp\/v2\/users\/1"}],"replies":[{"embeddable":true,"href":"https:\/\/www.olinews.it\/mt\/index.php?rest_route=%2Fwp%2Fv2%2Fcomments&post=3050"}],"version-history":[{"count":1,"href":"https:\/\/www.olinews.it\/mt\/index.php?rest_route=\/wp\/v2\/posts\/3050\/revisions"}],"predecessor-version":[{"id":5778,"href":"https:\/\/www.olinews.it\/mt\/index.php?rest_route=\/wp\/v2\/posts\/3050\/revisions\/5778"}],"wp:attachment":[{"href":"https:\/\/www.olinews.it\/mt\/index.php?rest_route=%2Fwp%2Fv2%2Fmedia&parent=3050"}],"wp:term":[{"taxonomy":"category","embeddable":true,"href":"https:\/\/www.olinews.it\/mt\/index.php?rest_route=%2Fwp%2Fv2%2Fcategories&post=3050"},{"taxonomy":"post_tag","embeddable":true,"href":"https:\/\/www.olinews.it\/mt\/index.php?rest_route=%2Fwp%2Fv2%2Ftags&post=3050"}],"curies":[{"name":"wp","href":"https:\/\/api.w.org\/{rel}","templated":true}]}}