{"id":3052,"date":"2012-06-05T17:00:00","date_gmt":"2012-06-05T16:00:00","guid":{"rendered":"http:\/\/www.olinews.it\/mt\/?p=3052"},"modified":"2020-04-28T19:37:22","modified_gmt":"2020-04-28T18:37:22","slug":"oli-346-comune-doria-repetti-giunta-una-telefonata-cambia-la-vita","status":"publish","type":"post","link":"https:\/\/www.olinews.it\/mt\/?p=3052","title":{"rendered":"OLI 346: COMUNE &#8211; Doria, Repetti, giunta: una telefonata cambia la vita"},"content":{"rendered":"<div style=\"clear: both; text-align: center;\"><a href=\"http:\/\/1.bp.blogspot.com\/-UumzSLP2OAw\/T84tMzzZjbI\/AAAAAAAABEc\/8D7tb8YSvw4\/s1600\/DSCN2487lungarid.jpg\" style=\"clear: left; float: left; margin-bottom: 1em; margin-right: 1em;\"><img loading=\"lazy\" decoding=\"async\" border=\"0\" height=\"212\" src=\"https:\/\/olinews.it\/mt\/wp-content\/uploads\/2020\/04\/DSCN2487lungarid.jpg\" width=\"400\" \/><\/a><\/div>\n<p>Qualcuno osserva: \u201cMa perch\u00e9 non l\u2019ha chiamato? Insomma vede il suo nome sui giornali per un mese e non gli d\u00e0 un colpo di telefono? Ma non ha senso! Bastava che lo chiamasse!\u201d<br \/>Per\u00f2, no. Dalla lettura di giornali pare non funzioni cos\u00ec la politica locale. Sembra invece caratterizzata da molti sussurri. Cos\u00ec \u00e8 successo quando Burlando non parlava con Vincenzi e quando Vincenzi non veniva invitata a cena da Bersani e per quella passata alla storia come la cena dei bolliti, in cui si era parlato molto di sanit\u00e0 in assenza dell\u2019assessore competente, Claudio Montaldo.<br \/>Una politica in cui gli interessati anche se diretti, non si parlano direttamente e si affidano a \u201camici\u201d comuni o personalit\u00e0 della vita pubblica per comunicare. La stampa asseconda questo sistema, agendo da portavoce, mescolando tempi istituzionali e gossip politico. Cos\u00ec da parer fuori dal mondo anche a me, lettrice, che il direttore del Teatro Stabile Carlo Repetti potesse chiamare Doria. <br \/>Certo di cariche da vicesindaco non si pu\u00f2 parlare al telefono, ma forse ha ragione chi suggerisce che un incontro vis a vis potevano concederselo.<br \/>Il piatto pi\u00f9 amaro \u00e8 riservato ai lettori di <i>Repubblica, <\/i>edizione genovese, il 2 e 3 giugno  con l\u2019intervista a Carlo Repetti e la relativa risposta di Marco Doria .<br \/>Il primo che &#8211; pur ammettendo di non aver \u201cmai parlato\u201d con il nuovo sindaco &#8211; dichiara che forse la sua presenza come vicesindaco era \u201ctroppo ingombrante\u201d per Doria, \u201cper et\u00e0, esperienza amministrativa\u201d e schiettezza. E aggiunge che il suo nome \u201c\u00e8 stato usato come coperchio di una pentola a pressione, il tam tam sulla giunta\u201d, chiedendosi  perch\u00e9 Doria non abbia avuto la cortesia di chiamarlo per avvisarlo che non se ne faceva nulla. <br \/>Doria che risponde all\u2019intervista riconoscendo che il nome di Repetti gli era stato fatto dal Pd, che \u201ctrova irriguardoso\u201d che venga ipotizzato che franchezza ed autonomia siano ragioni che possano indurlo a \u201cnon avvalersi della collaborazione di persone valide e competenti\u201d, che non ha bisogno di yes men o yes women<i> <\/i>e che a fronte di \u201cun compito impegnativo\u201d &#8211; quello di formare una giunta &#8211; ha compiuto autonomamente scelte in maniera meditata, senza chiamare tutti quelli che la stampa citava come possibili assessori.<\/p>\n<div style=\"clear: both; text-align: center;\"><a href=\"http:\/\/4.bp.blogspot.com\/-SbwPT3WtshM\/T84t2SEnRlI\/AAAAAAAABEk\/D1Andr1HXvI\/s1600\/DSC_1503ridrid.jpg\" style=\"margin-left: 1em; margin-right: 1em;\"><img loading=\"lazy\" decoding=\"async\" border=\"0\" height=\"275\" src=\"https:\/\/olinews.it\/mt\/wp-content\/uploads\/2020\/04\/DSC_1503ridrid.jpg\" width=\"640\" \/><\/a><\/div>\n<p>Che il nuovo sindaco abbia agito in totale autonomia non ci sono dubbi. Giunta pi\u00f9 nuova non ci poteva essere. Peccato che in squadra ci sia anche chi, \u201cdisgustato dall\u2019attuale sistema <i>politico<\/i>\u201d, non ha nemmeno votato ma esita a lasciare la propria occupazione per calarsi nel ruolo <i>politico<\/i> di assessore perch\u00e9 non pu\u00f2 \u201cstare fuori dal mercato per cinque anni\u201d.<br \/>Peccato che Marco non abbia chiamato Carlo, e che Carlo non abbia chiamato Marco e che tutti i nomi che apparivano sui giornali non abbiano chiamato Marco perch\u00e9, fedeli ai tempi istituzionali, aspettavano di essere chiamati.<br \/><b>(<i>Giovanna Profumo<\/i> &#8211; foto dell&#8217;autrice e di Ivo Ruello)<\/b><\/p>\n","protected":false},"excerpt":{"rendered":"<p>Qualcuno osserva: \u201cMa perch\u00e9 non l\u2019ha chiamato? Insomma vede il suo nome sui giornali per un mese e non gli d\u00e0 un colpo di telefono? Ma non ha senso! Bastava che lo chiamasse!\u201dPer\u00f2, no. Dalla lettura di giornali pare non funzioni cos\u00ec la politica locale. Sembra invece caratterizzata da molti sussurri. Cos\u00ec \u00e8 successo quando [&hellip;]<\/p>\n","protected":false},"author":1,"featured_media":0,"comment_status":"closed","ping_status":"closed","sticky":false,"template":"","format":"standard","meta":{"footnotes":""},"categories":[487,295,304,348,362,1774],"tags":[],"class_list":["post-3052","post","type-post","status-publish","format-standard","hentry","category-carlo-repetti","category-comune","category-giovanna-profumo","category-ivo-ruello","category-marco-doria","category-oli-346"],"_links":{"self":[{"href":"https:\/\/www.olinews.it\/mt\/index.php?rest_route=\/wp\/v2\/posts\/3052","targetHints":{"allow":["GET"]}}],"collection":[{"href":"https:\/\/www.olinews.it\/mt\/index.php?rest_route=\/wp\/v2\/posts"}],"about":[{"href":"https:\/\/www.olinews.it\/mt\/index.php?rest_route=\/wp\/v2\/types\/post"}],"author":[{"embeddable":true,"href":"https:\/\/www.olinews.it\/mt\/index.php?rest_route=\/wp\/v2\/users\/1"}],"replies":[{"embeddable":true,"href":"https:\/\/www.olinews.it\/mt\/index.php?rest_route=%2Fwp%2Fv2%2Fcomments&post=3052"}],"version-history":[{"count":1,"href":"https:\/\/www.olinews.it\/mt\/index.php?rest_route=\/wp\/v2\/posts\/3052\/revisions"}],"predecessor-version":[{"id":5781,"href":"https:\/\/www.olinews.it\/mt\/index.php?rest_route=\/wp\/v2\/posts\/3052\/revisions\/5781"}],"wp:attachment":[{"href":"https:\/\/www.olinews.it\/mt\/index.php?rest_route=%2Fwp%2Fv2%2Fmedia&parent=3052"}],"wp:term":[{"taxonomy":"category","embeddable":true,"href":"https:\/\/www.olinews.it\/mt\/index.php?rest_route=%2Fwp%2Fv2%2Fcategories&post=3052"},{"taxonomy":"post_tag","embeddable":true,"href":"https:\/\/www.olinews.it\/mt\/index.php?rest_route=%2Fwp%2Fv2%2Ftags&post=3052"}],"curies":[{"name":"wp","href":"https:\/\/api.w.org\/{rel}","templated":true}]}}