{"id":3069,"date":"2012-05-22T17:25:00","date_gmt":"2012-05-22T16:25:00","guid":{"rendered":"http:\/\/www.olinews.it\/mt\/?p=3069"},"modified":"2020-04-28T19:37:23","modified_gmt":"2020-04-28T18:37:23","slug":"oli-344-societa-confronto-tra-generazioni-rette-parallele","status":"publish","type":"post","link":"https:\/\/www.olinews.it\/mt\/?p=3069","title":{"rendered":"OLI 344: SOCIETA&#8217; &#8211; Confronto tra generazioni, rette parallele"},"content":{"rendered":"<p>Scivolano via i quattro ragazzi &#8211; ma come ve ne andate! no, no una sigaretta&#8230;- &nbsp;Non sono pi\u00f9 comparsi per\u00f2. Intanto si dilunga nel suo monologo il prete di strada, quello degli ultimi, che chiss\u00e0 perch\u00e9 cita nei suoi discorsi sempre alti prelati o vip di prestigio, questa volta noti registi. Nell\u2019evocare i suoi ricordi di giovent\u00f9 scandisce l\u2019inesorabile revival di quelli della  Resistenza, che hanno vissuto incomparabili esistenze, ma che volete voi ragazzotti di oggi,  nati dopo la caduta del Muro.  E cos\u00ec parte del messaggio, \u201clo sguardo di speranza al futuro\u201d di quel periodo eroico, l\u2019anelo di  libert\u00e0, le grida per i diritti negati, si perde dentro al comizio: pare spirare sottesa una cert\u2019aria di bonaria compiacenza che si accetta in virt\u00f9 della veneranda et\u00e0. <br \/>Come parlare ai giovani se si parla dall\u2019alto di certa saggezza canuta?<br \/>Siamo alla Claque, teatro dei vicoli, venerd\u00ec 18 maggio, per  un \u201cConfronto tra generazioni\u201d, ma in platea sono tanti i capelli grigi e pochi i giovani, tra cui i tre neoeletti sul palco, leva \u201878, \u201890. \u201991, che raccontano le loro esperienze nella politica o nei movimenti. <br \/>L\u2019impegno di un tempo aveva dimensioni internazionali, come il Vietnam, si ricorda.<br \/>E se riuscissimo invece a renderli consapevoli della Storia dal \u201968 in poi almeno per il nostro Paese? <br \/>Il ragazzo parla della \u201ctragedia\u201d vissuta in famiglia, quando vinse per la prima volta Berlusconi, aveva quattro anni ma se lo ricorda benissimo e cos\u00ec quando rivinse il cavaliere e lui era in prima media. Pare uscito da una scuola di politica: \u201c&#8230; non ci deve essere uno scontro tra generazioni, bisogna andare nei luoghi del conflitto&#8230; sbagliato far passare il messaggio che non troviamo lavoro perch\u00e9 l\u2019operaio a mille euro al mese ci sta rubando il posto&#8230;\u201d.<br \/>La ventenne sottolinea l\u2019entusiasmo e la passione trovati nel movimento dell\u2019<i>Onda<\/i>, ma invita \u201c i grandi a prenderli per mano\u201d, ad accompagnarli verso la politica, a crescere nei partiti perch\u00e9 nel suo ha sentito le voci di chi ha conosciuto Pertini ed ha apprezzato quegli ideali. Mentre il futuro sindaco con voce rauca esprime apprezzamento \u201cverso aggregazioni che non riconducono soltanto alla politica dentro ai partiti\u2026 ma dai quali non si pu\u00f2 prescindere, s\u2019intende&#8230;\u201d.<br \/>La serata propone anche  il racconto della vivace e non pi\u00f9 giovane sindacalista, che dovette abbandonare  il suo amato liceo artistico per andare a lavorare; lei, una ragazza, costretta a dare la precedenza agli studi del fratello maschio, descrive la sua esperienza di lavoratrice senza diritti e sottopagata. Ecco come nacque il suo impegno nel sindacato: umilt\u00e0 e modestia nel suo narrare.<br \/>Non si riscontra la stessa misura nelle parole dell\u2019altra neoeletta, da poco avvicinatasi alla politica, che sostiene essere \u201cil suo interesse pi\u00f9 di tipo locale\u201d, \u00e8 eletta nei Municipi ed \u00e8 contenta di essersi messa in gioco. E a proposito di \u201cfuga dei cervelli \u201c della sua generazione lei afferma di aver pensato talvolta di andare via ma poi \u201c ha scelto di rimanere\u201d per far qualcosa per la sua citt\u00e0.<br \/>Come se quelli partiti fossero tutti contenti di essere partiti, come se avessero potuto \u201cscegliere\u201d per  un lavoro. Mancano pochi minuti alle 23, ora fatidica di chiusura ufficiale alla campagna elettorale, il confronto tra generazioni sta per concludersi: ci hanno provato.<br \/><b>(<i>Bianca Vergati<\/i>)<\/b><\/p>\n","protected":false},"excerpt":{"rendered":"<p>Scivolano via i quattro ragazzi &#8211; ma come ve ne andate! no, no una sigaretta&#8230;- &nbsp;Non sono pi\u00f9 comparsi per\u00f2. Intanto si dilunga nel suo monologo il prete di strada, quello degli ultimi, che chiss\u00e0 perch\u00e9 cita nei suoi discorsi sempre alti prelati o vip di prestigio, questa volta noti registi. Nell\u2019evocare i suoi ricordi [&hellip;]<\/p>\n","protected":false},"author":1,"featured_media":0,"comment_status":"closed","ping_status":"closed","sticky":false,"template":"","format":"standard","meta":{"footnotes":""},"categories":[294,1788,577],"tags":[],"class_list":["post-3069","post","type-post","status-publish","format-standard","hentry","category-bianca-vergati","category-oli-344","category-societa"],"_links":{"self":[{"href":"https:\/\/www.olinews.it\/mt\/index.php?rest_route=\/wp\/v2\/posts\/3069","targetHints":{"allow":["GET"]}}],"collection":[{"href":"https:\/\/www.olinews.it\/mt\/index.php?rest_route=\/wp\/v2\/posts"}],"about":[{"href":"https:\/\/www.olinews.it\/mt\/index.php?rest_route=\/wp\/v2\/types\/post"}],"author":[{"embeddable":true,"href":"https:\/\/www.olinews.it\/mt\/index.php?rest_route=\/wp\/v2\/users\/1"}],"replies":[{"embeddable":true,"href":"https:\/\/www.olinews.it\/mt\/index.php?rest_route=%2Fwp%2Fv2%2Fcomments&post=3069"}],"version-history":[{"count":1,"href":"https:\/\/www.olinews.it\/mt\/index.php?rest_route=\/wp\/v2\/posts\/3069\/revisions"}],"predecessor-version":[{"id":5816,"href":"https:\/\/www.olinews.it\/mt\/index.php?rest_route=\/wp\/v2\/posts\/3069\/revisions\/5816"}],"wp:attachment":[{"href":"https:\/\/www.olinews.it\/mt\/index.php?rest_route=%2Fwp%2Fv2%2Fmedia&parent=3069"}],"wp:term":[{"taxonomy":"category","embeddable":true,"href":"https:\/\/www.olinews.it\/mt\/index.php?rest_route=%2Fwp%2Fv2%2Fcategories&post=3069"},{"taxonomy":"post_tag","embeddable":true,"href":"https:\/\/www.olinews.it\/mt\/index.php?rest_route=%2Fwp%2Fv2%2Ftags&post=3069"}],"curies":[{"name":"wp","href":"https:\/\/api.w.org\/{rel}","templated":true}]}}