{"id":3075,"date":"2012-05-22T16:55:00","date_gmt":"2012-05-22T15:55:00","guid":{"rendered":"http:\/\/www.olinews.it\/mt\/?p=3075"},"modified":"2020-04-28T19:37:23","modified_gmt":"2020-04-28T18:37:23","slug":"oli-344-lettere-caro-marco","status":"publish","type":"post","link":"https:\/\/www.olinews.it\/mt\/?p=3075","title":{"rendered":"OLI 344: LETTERE &#8211; Caro Marco"},"content":{"rendered":"<p>Caro Marco, <br \/>qualche pensiero immaginando la citt\u00e0 che andrai a governare.<br \/>Se arrivi in cima a via Serra potrai vedere che a distanza di pochi centimetri uno dall&#8217;altro vi sono due targhe di marmo con scritto &#8216; VIA SERRA&#8217;.<br \/>Di sicuro sono due costi, di sicuro sono due i tempi di montaggio, di sicuro non \u00e8 ad alcuno venuto in mente che forse sarebbe bastato un poco di smalto per rinfrescare la scritta della prima targa.<br \/>Poco pi\u00f9 avanti salita della Misericordia chiusa da anni .<br \/>L&#8217;interesse di pochi \u00e8 costato e sta costando disagi a molti.<br \/>Il primo tratto, \u00e8 in ordine e pulito e serve l&#8217;accesso al Tennis Club, il successivo, se pur non esattamente concesso, serve d&#8217;accesso a tossici e disperati.<br \/>Sarebbe un sogno poterla ancora utilizzare come comoda scorciatoia, facile anche per passeggini per bimbi e sedie per invalidi.<br \/>Poi il problema dei mezzi pubblici in citt\u00e0.<br \/>Quando nevica, o a causa di altre forze maggiori, \u00e8 possibile attraversare la citt\u00e0  da Nervi a Sampierdarena in pochi minuti.<br \/>Gi\u00e0, perch\u00e9 quando nevica le auto private non vi sono.<br \/>Sicuramente sarebbe all&#8217;inizio scelta impopolare, ma se la citt\u00e0 venisse inibita al traffico privato&#8230;<br \/>Ti ricordi come \u00e8 insorta quando \u00e8 stato deciso di pedonalizzare via San Vincenzo, via San Lorenzo o Via Cairoli? Ed ora pensi che qualcuno vorrebbe tornare indietro su queste scelte?<br \/>La citt\u00e0 che andrai a governare ha necessit\u00e0 di scelte coraggiose che ci permettano di tornare a sentire questa, come la nostra citt\u00e0.<br \/>Ha bisogno di un governo agito con buon senso, di buon senso che torni ad essere senso comune. <br \/>Ti auguro buon lavoro, <br \/><b>(<i>Maria Profumo<\/i>)<\/b><\/p>\n","protected":false},"excerpt":{"rendered":"<p>Caro Marco, qualche pensiero immaginando la citt\u00e0 che andrai a governare.Se arrivi in cima a via Serra potrai vedere che a distanza di pochi centimetri uno dall&#8217;altro vi sono due targhe di marmo con scritto &#8216; VIA SERRA&#8217;.Di sicuro sono due costi, di sicuro sono due i tempi di montaggio, di sicuro non \u00e8 ad [&hellip;]<\/p>\n","protected":false},"author":1,"featured_media":0,"comment_status":"closed","ping_status":"closed","sticky":false,"template":"","format":"standard","meta":{"footnotes":""},"categories":[295,306,160,362,1549,1788],"tags":[],"class_list":["post-3075","post","type-post","status-publish","format-standard","hentry","category-comune","category-genova","category-lettere","category-marco-doria","category-maria-profumo","category-oli-344"],"_links":{"self":[{"href":"https:\/\/www.olinews.it\/mt\/index.php?rest_route=\/wp\/v2\/posts\/3075","targetHints":{"allow":["GET"]}}],"collection":[{"href":"https:\/\/www.olinews.it\/mt\/index.php?rest_route=\/wp\/v2\/posts"}],"about":[{"href":"https:\/\/www.olinews.it\/mt\/index.php?rest_route=\/wp\/v2\/types\/post"}],"author":[{"embeddable":true,"href":"https:\/\/www.olinews.it\/mt\/index.php?rest_route=\/wp\/v2\/users\/1"}],"replies":[{"embeddable":true,"href":"https:\/\/www.olinews.it\/mt\/index.php?rest_route=%2Fwp%2Fv2%2Fcomments&post=3075"}],"version-history":[{"count":1,"href":"https:\/\/www.olinews.it\/mt\/index.php?rest_route=\/wp\/v2\/posts\/3075\/revisions"}],"predecessor-version":[{"id":5826,"href":"https:\/\/www.olinews.it\/mt\/index.php?rest_route=\/wp\/v2\/posts\/3075\/revisions\/5826"}],"wp:attachment":[{"href":"https:\/\/www.olinews.it\/mt\/index.php?rest_route=%2Fwp%2Fv2%2Fmedia&parent=3075"}],"wp:term":[{"taxonomy":"category","embeddable":true,"href":"https:\/\/www.olinews.it\/mt\/index.php?rest_route=%2Fwp%2Fv2%2Fcategories&post=3075"},{"taxonomy":"post_tag","embeddable":true,"href":"https:\/\/www.olinews.it\/mt\/index.php?rest_route=%2Fwp%2Fv2%2Ftags&post=3075"}],"curies":[{"name":"wp","href":"https:\/\/api.w.org\/{rel}","templated":true}]}}