{"id":3078,"date":"2012-05-15T15:55:00","date_gmt":"2012-05-15T14:55:00","guid":{"rendered":"http:\/\/www.olinews.it\/mt\/?p=3078"},"modified":"2020-04-28T19:37:23","modified_gmt":"2020-04-28T18:37:23","slug":"oli-343-trasparenza-regione-che-fine-fanno-i-fondi-ue","status":"publish","type":"post","link":"https:\/\/www.olinews.it\/mt\/?p=3078","title":{"rendered":"OLI 343: TRASPARENZA &#8211; Regione, che fine fanno i fondi UE?"},"content":{"rendered":"<div style=\"clear: both; text-align: center;\"><a href=\"https:\/\/olinews.it\/mt\/wp-content\/uploads\/2020\/04\/Regione_Liguria.jpg\" style=\"clear: left; float: left; margin-bottom: 1em; margin-right: 1em;\"><img loading=\"lazy\" decoding=\"async\" border=\"0\" height=\"300\" src=\"https:\/\/olinews.it\/mt\/wp-content\/uploads\/2020\/04\/Regione_Liguria.jpg\" width=\"400\" \/><\/a><\/div>\n<p>\u00c8 di qualche giorno fa la notizia che l\u2019Europa si \u00e8 attivata per gettare basi efficaci ed efficienti di controllo sui fondi comunitari. Il <i>Secolo XIX<\/i> titola \u201cFrodi e trucchi, cos\u00ec l\u2019Ue regala milioni\u201d (11 maggio 2012). L\u2019opportunit\u00e0 per parlare dell\u2019argomento \u00e8 un seminario, organizzato in collaborazione con l\u2019Olaf (<a href=\"http:\/\/europa.eu\/legislation_summaries\/fight_against_fraud\/protecting_european_communitys_financial_interests\/l33302_en.htm\">ufficio antifrode dell\u2019Unione Europea<\/a>) nell\u2019ambito del programma \u201cHercule II\u201d (), che si propone di proteggere gli interessi finanziari dell\u2019Unione. \u201cLa Liguria \u00e8 oggetto di interesse della criminalit\u00e0 organizzata che opera in particolare dove ci sono flussi di investimenti pubblici. Vigilare \u00e8 fondamentale quanto il continuo scambio di informazione e conoscenza tra i vari soggetti addetti al controllo\u201d dichiara l\u2019assessore regionale al bilancio Rossetti (ibid.). Ma in cosa consistono esattamente le frodi compiute sui fondi europei? Spesso coloro che hanno proposto il progetto incassano i soldi senza portare a termine l\u2019obiettivo per cui i fondi erano stati erogati, oppure si viola la procedura o si dirotta il finanziamento ad un\u2019altra societ\u00e0 rispetto a quella indicata sul bando. La conseguenza \u00e8 \u201cuna mostruosa dispersione di denaro\u201d, che ancora \u201cnon viene filtrata attraverso un\u2019adeguata rete di monitoraggio\u201d. La Regione \u00e8 l\u2019ente che raccoglie e d\u00e0 il via libera alle richieste di finanziamento: per questo nella struttura, <a href=\"http:\/\/www.regione.liguria.it\/argomenti\/affari-e-fondi-europei\/por-fesr-2007-2013\/autorita-e-strutture-referenti-assi\/autorita-di-audit.html\">esiste un\u2019autorit\u00e0 di \u201cAudit\u201d<\/a>, che ha il compito di vigilare sulle procedure e assicurare una sana gestione finanziaria ( ). In questo quadro, di lotta allo spreco in difesa della legalit\u00e0, riesce difficile comprendere alcune scelte della Regione Liguria. Il POR FESR 2007-13 (Programma operativo del fondo europeo di sviluppo regionale) ha messo a disposizione della Liguria 530 milioni di euro per perseguire gli \u201cobiettivi strategici comunitari di Lisbona (crescita e occupazione) e di G\u00f6teborg (sostenibilit\u00e0 dello sviluppo)\u201d in diversi settori (o assi), ossia: \u201cinnovazione, energia, sviluppo urbano, valorizzazione delle risorse naturali e culturali\u201d. In pratica, il POR FESR finanzia aiuti diretti alle imprese, infrastrutture collegate alla ricerca e all\u2019innovazione, strumenti finanziari per sostenere lo sviluppo locale. All\u2019interno della Commissione di sorveglianza, che ha, tra i suoi compiti, quello di approvare i criteri di selezione delle opere finanziate, compare il nome di Valerio Balzini, segretario generale di Confcooperative Liguria, che \u00e8 attualmente sotto <a href=\"http:\/\/www.savonanews.it\/2011\/09\/12\/leggi-notizia\/argomenti\/cronaca-2\/articolo\/la-cricca-ligure-dei-fondi-ue-il-dispositivo-integrale-della-guardia-di-finanza-e-le-300-pagine-di.html\">processo con l\u2019accusa di concorso in turbativa d\u2019asta<\/a> nell\u2019ambito di uno dei filoni di un\u2019inchiesta su \u2013 appunto \u2013 i fondi europei. Si tratterebbe, secondo l\u2019accusa, di appalti creati ad arte dai vertici del Cda dell\u2019Istituto Brignole. L\u2019indagine sul Brignole \u00e8 un filone di una maxi inchiesta sulla presunta \u201cspartizione di fondi europei che sarebbero stati pilotati grazie a stretti rapporti tra alcuni politici, consulenti e dirigenti di societ\u00e0 cooperative\u201d (<i>Il Secolo XIX<\/i>, 15 maggio 2012). Sul sito della Regione non sono indicati i criteri con cui sono stati scelti i componenti della commissione di sorveglianza: forse questa precisazione, in un\u2019ottica di trasparenza, legalit\u00e0 e tutela degli interessi finanziari della Comunit\u00e0 Europea, dovrebbe essere presente.<br \/><b>(<i>Eleana Marullo<\/i>) <\/b><\/p>\n","protected":false},"excerpt":{"rendered":"<p>\u00c8 di qualche giorno fa la notizia che l\u2019Europa si \u00e8 attivata per gettare basi efficaci ed efficienti di controllo sui fondi comunitari. Il Secolo XIX titola \u201cFrodi e trucchi, cos\u00ec l\u2019Ue regala milioni\u201d (11 maggio 2012). L\u2019opportunit\u00e0 per parlare dell\u2019argomento \u00e8 un seminario, organizzato in collaborazione con l\u2019Olaf (ufficio antifrode dell\u2019Unione Europea) nell\u2019ambito del [&hellip;]<\/p>\n","protected":false},"author":1,"featured_media":0,"comment_status":"closed","ping_status":"closed","sticky":false,"template":"","format":"standard","meta":{"footnotes":""},"categories":[1030,288,837,1796,1029,389],"tags":[],"class_list":["post-3078","post","type-post","status-publish","format-standard","hentry","category-brignole","category-eleana-marullo","category-fondi-ue","category-oli-343","category-regione","category-trasparenza"],"_links":{"self":[{"href":"https:\/\/www.olinews.it\/mt\/index.php?rest_route=\/wp\/v2\/posts\/3078","targetHints":{"allow":["GET"]}}],"collection":[{"href":"https:\/\/www.olinews.it\/mt\/index.php?rest_route=\/wp\/v2\/posts"}],"about":[{"href":"https:\/\/www.olinews.it\/mt\/index.php?rest_route=\/wp\/v2\/types\/post"}],"author":[{"embeddable":true,"href":"https:\/\/www.olinews.it\/mt\/index.php?rest_route=\/wp\/v2\/users\/1"}],"replies":[{"embeddable":true,"href":"https:\/\/www.olinews.it\/mt\/index.php?rest_route=%2Fwp%2Fv2%2Fcomments&post=3078"}],"version-history":[{"count":1,"href":"https:\/\/www.olinews.it\/mt\/index.php?rest_route=\/wp\/v2\/posts\/3078\/revisions"}],"predecessor-version":[{"id":5830,"href":"https:\/\/www.olinews.it\/mt\/index.php?rest_route=\/wp\/v2\/posts\/3078\/revisions\/5830"}],"wp:attachment":[{"href":"https:\/\/www.olinews.it\/mt\/index.php?rest_route=%2Fwp%2Fv2%2Fmedia&parent=3078"}],"wp:term":[{"taxonomy":"category","embeddable":true,"href":"https:\/\/www.olinews.it\/mt\/index.php?rest_route=%2Fwp%2Fv2%2Fcategories&post=3078"},{"taxonomy":"post_tag","embeddable":true,"href":"https:\/\/www.olinews.it\/mt\/index.php?rest_route=%2Fwp%2Fv2%2Ftags&post=3078"}],"curies":[{"name":"wp","href":"https:\/\/api.w.org\/{rel}","templated":true}]}}