{"id":3104,"date":"2012-05-02T15:25:00","date_gmt":"2012-05-02T14:25:00","guid":{"rendered":"http:\/\/www.olinews.it\/mt\/?p=3104"},"modified":"2012-05-02T15:25:00","modified_gmt":"2012-05-02T14:25:00","slug":"comunali-2012-emanuela-massa","status":"publish","type":"post","link":"https:\/\/www.olinews.it\/mt\/?p=3104","title":{"rendered":"COMUNALI 2012 &#8211; Emanuela Massa"},"content":{"rendered":"<p><i>Emanuela Massa, candidata in Consiglio Comuanle per la lista Marco Doria <\/i><br \/>Sono Emanuela Massa, 45 anni, 3 figli, sposata, una laurea in architettura.<br \/>Sono stata educata a sentirmi responsabile di ci\u00f2 che mi accade intorno, a prendermene cura, ad esprimere le mie opinioni.   Il mio primo grande interesse \u00e8 stata la scuola, che mi ha vista impegnata negli organi collegiali fin dai tempi del liceo,  oggi ho un ruolo di primo piano in una delle principali associazioni di rappresentanza dei genitori. Proteggere la scuola statale, la scuola della Repubblica, per me vuol dire, prima di tutto, salvaguardare la democrazia. Nel 2010 ho avuto l&#8217;opportunit\u00e0 di descrivere il mio punto di vista nel libro  \u201cPensieri Sottobanco: la scuola raccontata alla mia gatta\u201d, in cui, a pi\u00f9 mani, si descrive una scuola che non c\u2019\u00e8, ma che potrebbe, anzi dovrebbe essere. I diritti di autore sono integralmente devoluti ad Amnesty International e alla Casa della Legalita\u2019 di Genova.  Dal 2006 sono impegnata nel volontariato orientato alla tutela e alla promozione dei diritti umani, in particolare curo e realizzo  progetti di Educazione ai Diritti Umani rivolti agli studenti delle scuole genovesi. E&#8217; una grande occasione, perch\u00e9 l&#8217;educazione ai diritti umani punta ad indurre i ragazzi ad assumere atteggiamenti e comportamenti che li conducano al rispetto di s\u00e9 e degli altri in ogni circostanza e a prescindere da qualunque differenza di sesso, etnia, religione, fede politica ecc. L&#8217;obiettivo \u00e8 quello di crescere adulti tolleranti, inclusivi, amanti della pace, liberi nel pensiero anche dalle istituzioni. Solo una cultura diffusa su questi temi riuscir\u00e0 a produrre quel cambiamento di passo che vorrei vedere nel nostro modo di vivere di rapportarci con l&#8217;amministrazione.  Sono una donna sportiva, con una vera passione per la corsa, credo nello sport come strumento capace di diffondere concretamente i concetti di giustizia, onest\u00e0, rispetto delle regole, spirito di gruppo, solidariet\u00e0 e penso che investire negli impianti sportivi comunali sia importante, non solo per gli atleti, ma per la citt\u00e0 in generale, perch\u00e9 offre occasioni di incontro e di socialit\u00e0 ad una cittadinanza che vive sempre pi\u00f9 sigillata nella realt\u00e0 della propria sfera familiare e lavorativa.  Sono interessata ai temi della decrescita e dell\u2019economia etica. Nel 2009, con un gruppo di amici, ho fondato un Gruppo di Acquisto Solidale. Penso che il consumo responsabile sia uno strumento capace di favorire realt\u00e0 produttive che, con i loro prodotti e servizi, contribuiscono a costruire un mondo pi\u00f9 giusto e sostenibile.  Credo nella democrazia dal basso e nell\u2019importanza di favorire la partecipazione, per questo sono impegnata in diversi coordinamenti di cittadinanza attiva, nella consapevolezza che la personale  assunzione di responsabilit\u00e0 nei confronti di ci\u00f2 che  accade, la promozione e la tutela dei diritti di tutti, siano la strada giusta per indurre il cambiamento che vorrei vedere intorno a me.<\/p>\n","protected":false},"excerpt":{"rendered":"<p>Emanuela Massa, candidata in Consiglio Comuanle per la lista Marco Doria Sono Emanuela Massa, 45 anni, 3 figli, sposata, una laurea in architettura.Sono stata educata a sentirmi responsabile di ci\u00f2 che mi accade intorno, a prendermene cura, ad esprimere le mie opinioni. Il mio primo grande interesse \u00e8 stata la scuola, che mi ha vista [&hellip;]<\/p>\n","protected":false},"author":1,"featured_media":0,"comment_status":"closed","ping_status":"closed","sticky":false,"template":"","format":"standard","meta":{"footnotes":""},"categories":[1814,1797,1821,1813],"tags":[],"class_list":["post-3104","post","type-post","status-publish","format-standard","hentry","category-candidati","category-comunali-2012","category-emanuela-massa","category-oli-341"],"_links":{"self":[{"href":"https:\/\/www.olinews.it\/mt\/index.php?rest_route=\/wp\/v2\/posts\/3104","targetHints":{"allow":["GET"]}}],"collection":[{"href":"https:\/\/www.olinews.it\/mt\/index.php?rest_route=\/wp\/v2\/posts"}],"about":[{"href":"https:\/\/www.olinews.it\/mt\/index.php?rest_route=\/wp\/v2\/types\/post"}],"author":[{"embeddable":true,"href":"https:\/\/www.olinews.it\/mt\/index.php?rest_route=\/wp\/v2\/users\/1"}],"replies":[{"embeddable":true,"href":"https:\/\/www.olinews.it\/mt\/index.php?rest_route=%2Fwp%2Fv2%2Fcomments&post=3104"}],"version-history":[{"count":0,"href":"https:\/\/www.olinews.it\/mt\/index.php?rest_route=\/wp\/v2\/posts\/3104\/revisions"}],"wp:attachment":[{"href":"https:\/\/www.olinews.it\/mt\/index.php?rest_route=%2Fwp%2Fv2%2Fmedia&parent=3104"}],"wp:term":[{"taxonomy":"category","embeddable":true,"href":"https:\/\/www.olinews.it\/mt\/index.php?rest_route=%2Fwp%2Fv2%2Fcategories&post=3104"},{"taxonomy":"post_tag","embeddable":true,"href":"https:\/\/www.olinews.it\/mt\/index.php?rest_route=%2Fwp%2Fv2%2Ftags&post=3104"}],"curies":[{"name":"wp","href":"https:\/\/api.w.org\/{rel}","templated":true}]}}