{"id":3114,"date":"2012-04-24T16:40:00","date_gmt":"2012-04-24T15:40:00","guid":{"rendered":"http:\/\/www.olinews.it\/mt\/?p=3114"},"modified":"2012-04-24T16:40:00","modified_gmt":"2012-04-24T15:40:00","slug":"oli-340-elezioni-la-battaglia-delle-affissioni","status":"publish","type":"post","link":"https:\/\/www.olinews.it\/mt\/?p=3114","title":{"rendered":"OLI 340: ELEZIONI &#8211; La battaglia delle affissioni"},"content":{"rendered":"<div style=\"text-align: left;\">C&#8217;\u00e8 poco posto in politica per i pennelli teneri. &#8220;Pennelli&#8221;, s\u00ec, perch\u00e9 per le affissioni la colla e la scopa sostituiscono il cuore, con la battaglia che si gioca negli spazi elettorali che il Comune destina ai partiti. Il fatto: i propri manifesti sono regolarmente coperti dagli avversari di corsa elettorale, alla faccia di qualsiasi regola di correttezza politica e di osservanza della legge, il che, per chi si presenta agli elettori come la soluzione ai problemi di Genova, suona come un ossimoro etico che poco ha a che fare con le &#8220;parolone&#8221; e le promesse elettorali che contengono.<\/div>\n<p>Cos\u00ec si assiste, nel silenzio totale delle istituzioni, ad una campagna elettorale &#8220;macchiata di colla&#8221;, dove lo scontro avviene non solo tra fazioni concorrenti, ma anche nell&#8217;ambito dello stesso partito. &#8220;Very italian&#8221;, affermerebbe un attempato anglosassone, osservando il cimitero della legalit\u00e0 che rappresentano le foto della galleria fotografica proposta.<br \/>Alla riunione elettorale indetta dal Comune viene spiegato con chiarezza che la legge prevede che il trasgressore  sia colto in flagranza di reato da un pubblico ufficiale, altrimenti non ci sarebbero i presupposti per la denuncia, che comunque comporta solo una pena pecuniaria minima. Anzi, in alcune Regioni italiane si tende a dare una ammenda globale, addirittura a sanare il reato praticamente gratis.<br \/>Fino a che non si trover\u00e0 una soluzione legata all&#8217;obbligo di affidamento da parte del committente responsabile ad aziende o persone in grado di garantire l&#8217;osservanza delle regole, non ci sar\u00e0 alcun cambiamento: infatti attualmente il committente risponde solo dei contenuti dell&#8217;affissione, non del suo posizionamento.<br \/>Questa illegalit\u00e0 diffusa si aggiunge a quella delle affissioni elettorali al di fuori degli spazi elettorali negli spazi commerciali, altrettanto vietata a cominciare da 30 giorni prima della data delle elezioni, e che apre tutto un altro capitolo sull&#8217;incapacit\u00e0 dell&#8217;amministrazione pubblica a far fronte a questo tipo di reati.<\/p>\n<p><\/p>\n<div style=\"text-align: center;\"><iframe loading=\"lazy\" allowfullscreen=\"\" frameborder=\"0\" height=\"480\" src=\"http:\/\/www.youtube.com\/embed\/BYKyQelFbD0\" width=\"640\"><\/iframe> <\/div>\n<p><b><br \/><\/b><br \/><b>(<i>Stefano De Pietro<\/i>)<\/b><\/p>\n","protected":false},"excerpt":{"rendered":"<p>C&#8217;\u00e8 poco posto in politica per i pennelli teneri. &#8220;Pennelli&#8221;, s\u00ec, perch\u00e9 per le affissioni la colla e la scopa sostituiscono il cuore, con la battaglia che si gioca negli spazi elettorali che il Comune destina ai partiti. Il fatto: i propri manifesti sono regolarmente coperti dagli avversari di corsa elettorale, alla faccia di qualsiasi [&hellip;]<\/p>\n","protected":false},"author":1,"featured_media":0,"comment_status":"closed","ping_status":"closed","sticky":false,"template":"","format":"standard","meta":{"footnotes":""},"categories":[580,1829],"tags":[],"class_list":["post-3114","post","type-post","status-publish","format-standard","hentry","category-movimento-5-stelle","category-oli-340-stefano-de-pietro"],"_links":{"self":[{"href":"https:\/\/www.olinews.it\/mt\/index.php?rest_route=\/wp\/v2\/posts\/3114","targetHints":{"allow":["GET"]}}],"collection":[{"href":"https:\/\/www.olinews.it\/mt\/index.php?rest_route=\/wp\/v2\/posts"}],"about":[{"href":"https:\/\/www.olinews.it\/mt\/index.php?rest_route=\/wp\/v2\/types\/post"}],"author":[{"embeddable":true,"href":"https:\/\/www.olinews.it\/mt\/index.php?rest_route=\/wp\/v2\/users\/1"}],"replies":[{"embeddable":true,"href":"https:\/\/www.olinews.it\/mt\/index.php?rest_route=%2Fwp%2Fv2%2Fcomments&post=3114"}],"version-history":[{"count":0,"href":"https:\/\/www.olinews.it\/mt\/index.php?rest_route=\/wp\/v2\/posts\/3114\/revisions"}],"wp:attachment":[{"href":"https:\/\/www.olinews.it\/mt\/index.php?rest_route=%2Fwp%2Fv2%2Fmedia&parent=3114"}],"wp:term":[{"taxonomy":"category","embeddable":true,"href":"https:\/\/www.olinews.it\/mt\/index.php?rest_route=%2Fwp%2Fv2%2Fcategories&post=3114"},{"taxonomy":"post_tag","embeddable":true,"href":"https:\/\/www.olinews.it\/mt\/index.php?rest_route=%2Fwp%2Fv2%2Ftags&post=3114"}],"curies":[{"name":"wp","href":"https:\/\/api.w.org\/{rel}","templated":true}]}}