{"id":3124,"date":"2012-04-17T17:50:00","date_gmt":"2012-04-17T16:50:00","guid":{"rendered":"http:\/\/www.olinews.it\/mt\/?p=3124"},"modified":"2012-04-17T17:50:00","modified_gmt":"2012-04-17T16:50:00","slug":"oli-339-memorie-partigiane-le-voci-della-6a-zona","status":"publish","type":"post","link":"https:\/\/www.olinews.it\/mt\/?p=3124","title":{"rendered":"OLI 339: MEMORIE PARTIGIANE &#8211; Le voci della 6A Zona"},"content":{"rendered":"<div style=\"clear: both; text-align: center;\"><a href=\"http:\/\/4.bp.blogspot.com\/--YDrhjy-gE4\/T4sGd0DYrSI\/AAAAAAAAA5s\/gXVTBQUdeE4\/s1600\/sesta+zona+foto+ritaglio.jpg\" style=\"clear: left; float: left; margin-bottom: 1em; margin-right: 1em;\"><img loading=\"lazy\" decoding=\"async\" border=\"0\" height=\"400\" src=\"http:\/\/4.bp.blogspot.com\/--YDrhjy-gE4\/T4sGd0DYrSI\/AAAAAAAAA5s\/gXVTBQUdeE4\/s400\/sesta+zona+foto+ritaglio.jpg\" width=\"286\" \/><\/a><\/div>\n<p>La 6A Zona \u00e8 stata un luogo geografico, ma anche del sogno, della fuga, dell\u2019attesa.<br \/>Indica le valli alle spalle di Genova, dove tra il \u201844 e il \u201845 si erano incontrati coloro che del fascismo volevano vedere la fine.<br \/>A teatro la 6A Zona \u00e8 una voce che svela: \u201c<i>Dopo venti e passa anni che non si faceva politica, che non si parlava, di colpo, in prima fila erano apparsi loro. Un miracolo&#8230;<\/i>\u201d<br \/>Poi precisa: \u201c<i>Era una strada; ma per sapere dove portava bisognava inventarsela, percorrerla&#8230;<\/i>\u201d<br \/>Accenna alle parole, a quelle pi\u00f9 politiche: \u201c<i>lotta di classe, rivoluzione<\/i>\u201d, per planare su  \u201c<i>coscienza, e nostro paese<\/i>\u201d.<br \/>Racconta di un mondo in cui la disciplina condivisa veniva discussa di continuo, un luogo che pretendeva presenza: \u201c<i>la tua dovevi dirla. Magari due parole in croce ma dovevi dirla<\/i>\u201d e rigore estremo.<br \/>Ricorda un universo nel quale una donna &#8211; \u201c<i>per la moralit\u00e0 collettiva<\/i>\u201d &#8211; era bene non portasse i pantaloni \u201c<i>piuttosto una sottana lunga<\/i>\u201d e racconta di \u201c<i>una guerra che c\u2019aveva bisogno di parole, molte, e di principi, ma uguali per tutti.<\/i>\u201d <br \/>Poi indica le montagne e sfiora la neve, le armi, la paura di essere torturati, la fuga dalla citt\u00e0  e ricorda che \u201c<i>il giovane, allora, studente, operaio, era escluso dalla vita. Proprio escluso. Non contava, n\u00e9 in casa n\u00e9 fuori<\/i>\u201d e di come la montagna fosse stata occasione per diventare grandi.<br \/>E\u2019 una voce che, insieme alla musica, ti accompagna nei luoghi della 6A Zona partigiana, ma non \u00e8 sempre la stessa: perch\u00e9 \u00e8 la voce di Marietta, di Carlo, di Scrivia, Denis, Lesta. E Bisagno. Ragazzi di allora interpretati da giovani studenti di Merano che di questa storia hanno raccolto il testimone. Dopo sessantasette anni.<br \/>Il lavoro si basa su testi curati da Manlio Calegari su fonti testimoniali, rielaborati per il teatro da Marcello Fera e Lorenza Codignola.<br \/><i>6A Zona \u2013 Storie di una formazione partigiana<\/i> andr\u00e0 in scena marted\u00ec 24 aprile al Teatro Duse alle ore 20.30.<br \/><b>(<i>Giovanna Profumo<\/i>)<\/b><\/p>\n","protected":false},"excerpt":{"rendered":"<p>La 6A Zona \u00e8 stata un luogo geografico, ma anche del sogno, della fuga, dell\u2019attesa.Indica le valli alle spalle di Genova, dove tra il \u201844 e il \u201845 si erano incontrati coloro che del fascismo volevano vedere la fine.A teatro la 6A Zona \u00e8 una voce che svela: \u201cDopo venti e passa anni che non [&hellip;]<\/p>\n","protected":false},"author":1,"featured_media":0,"comment_status":"closed","ping_status":"closed","sticky":false,"template":"","format":"standard","meta":{"footnotes":""},"categories":[401,304,1834,1837,12,1300],"tags":[],"class_list":["post-3124","post","type-post","status-publish","format-standard","hentry","category-25-aprile","category-giovanna-profumo","category-oli-339","category-spettacolo","category-storia","category-teatro"],"_links":{"self":[{"href":"https:\/\/www.olinews.it\/mt\/index.php?rest_route=\/wp\/v2\/posts\/3124","targetHints":{"allow":["GET"]}}],"collection":[{"href":"https:\/\/www.olinews.it\/mt\/index.php?rest_route=\/wp\/v2\/posts"}],"about":[{"href":"https:\/\/www.olinews.it\/mt\/index.php?rest_route=\/wp\/v2\/types\/post"}],"author":[{"embeddable":true,"href":"https:\/\/www.olinews.it\/mt\/index.php?rest_route=\/wp\/v2\/users\/1"}],"replies":[{"embeddable":true,"href":"https:\/\/www.olinews.it\/mt\/index.php?rest_route=%2Fwp%2Fv2%2Fcomments&post=3124"}],"version-history":[{"count":0,"href":"https:\/\/www.olinews.it\/mt\/index.php?rest_route=\/wp\/v2\/posts\/3124\/revisions"}],"wp:attachment":[{"href":"https:\/\/www.olinews.it\/mt\/index.php?rest_route=%2Fwp%2Fv2%2Fmedia&parent=3124"}],"wp:term":[{"taxonomy":"category","embeddable":true,"href":"https:\/\/www.olinews.it\/mt\/index.php?rest_route=%2Fwp%2Fv2%2Fcategories&post=3124"},{"taxonomy":"post_tag","embeddable":true,"href":"https:\/\/www.olinews.it\/mt\/index.php?rest_route=%2Fwp%2Fv2%2Ftags&post=3124"}],"curies":[{"name":"wp","href":"https:\/\/api.w.org\/{rel}","templated":true}]}}