{"id":3153,"date":"2012-03-20T17:50:00","date_gmt":"2012-03-20T16:50:00","guid":{"rendered":"http:\/\/www.olinews.it\/mt\/?p=3153"},"modified":"2012-03-20T17:50:00","modified_gmt":"2012-03-20T16:50:00","slug":"oli-336-mafie-libera-genova","status":"publish","type":"post","link":"https:\/\/www.olinews.it\/mt\/?p=3153","title":{"rendered":"OLI 336: MAFIE \u2013 Libera Genova!"},"content":{"rendered":"<div style=\"clear: both; text-align: center;\"><a href=\"http:\/\/1.bp.blogspot.com\/-j6ldO4r5SNU\/T2YxM-IKeaI\/AAAAAAAAA20\/netfXciZOqk\/s1600\/DSC_8997_M.jpg\" style=\"clear: right; float: right; margin-bottom: 1em; margin-left: 1em;\"><img loading=\"lazy\" decoding=\"async\" border=\"0\" height=\"400\" src=\"http:\/\/1.bp.blogspot.com\/-j6ldO4r5SNU\/T2YxM-IKeaI\/AAAAAAAAA20\/netfXciZOqk\/s400\/DSC_8997_M.jpg\" width=\"231\" \/><\/a><\/div>\n<p>&#8220;Popolo della legalit\u00e0 sceso in strada per gridare contro la mafia&#8221; sono le parole usate dal sito de <a href=\"http:\/\/genova.repubblica.it\/cronaca\/2012\/03\/17\/news\/in_migliaia_contro_la_mafia-31695305\/?ref=HREC1-61\"><i>la Repubblica<\/i><\/a> per la manifestazione dell&#8217;associazione <i><a href=\"http:\/\/www.libera.it\/\">Libera <\/a><\/i>che sabato 17 marzo ha invaso le vie di Genova, parole insufficienti a descrivere il corteo vivace, colorato, allegro e giovane, giovanissimo: su quei visi ci sono la rabbia, il desiderio di non dimenticare i morti, sentimenti espressi con seriet\u00e0, con pacatezza, con la certezza che l&#8217;impegno  di ciascuno pu\u00f2 sconfiggere le mafie. Sar\u00e0 questo uno dei <i>leitmotiv <\/i>usati da don Luigi Ciotti, l&#8217;impegno individuale contro le mafie, ma soprattutto contro quella &#8220;zona grigia&#8221; della societ\u00e0 e della politica che guarda con indifferenza, tollera o, addirittura, collabora con la criminalit\u00e0 organizzata, diffidate, avverte don Ciotti, dalle Facce d&#8217;Angelo, pulite fuori, marce dentro: l&#8217;attuale tentativo di &#8220;depotenziare&#8221; il reato di concorso esterno in associazione mafiosa, renderebbe difficile colpire proprio questa &#8220;zona grigia&#8221;, presente anche nella Chiesa. \u00c8 un discorso appassionato, accende i cuori e le menti delle migliaia di persone al Porto Antico di Genova, cuori e menti che hanno seguito in attonito silenzio la  lunga lista delle vittime, nomi di donne e uomini, nomi di magistrati, uomini di scorta, giornalisti, sindacalisti, sindaci, nomi di ragazzi e bambini, nomi noti e meno noti, in una lista che sembra non finire pi\u00f9, dove cambiano solo le voci, dal sindaco Marta Vincenzi fino al procuratore Caselli, solo qualche applauso, quasi timido, scandisce il silenzio, tutti ascoltano: vicino al mare, seduto su una bitta, un ragazzino sbocconcella il suo  panino, mentre una pilotina della Guardia Costiera si aggira lenta nelle acque calme dell&#8217;Exp\u00f2, quasi a proteggere il rito silenzioso del popolo di <i>Libera<\/i>.<br \/><b>(<i>Ivo Ruello<\/i>)<\/b><br \/><iframe loading=\"lazy\" allowfullscreen=\"\" frameborder=\"0\" height=\"360\" src=\"http:\/\/www.youtube.com\/embed\/u54vo6cDmTk\" width=\"480\"><\/iframe><\/p>\n","protected":false},"excerpt":{"rendered":"<p>&#8220;Popolo della legalit\u00e0 sceso in strada per gridare contro la mafia&#8221; sono le parole usate dal sito de la Repubblica per la manifestazione dell&#8217;associazione Libera che sabato 17 marzo ha invaso le vie di Genova, parole insufficienti a descrivere il corteo vivace, colorato, allegro e giovane, giovanissimo: su quei visi ci sono la rabbia, il [&hellip;]<\/p>\n","protected":false},"author":1,"featured_media":0,"comment_status":"closed","ping_status":"closed","sticky":false,"template":"","format":"standard","meta":{"footnotes":""},"categories":[1865,306,348,1866,1864,1861],"tags":[],"class_list":["post-3153","post","type-post","status-publish","format-standard","hentry","category-don-ciotti","category-genova","category-ivo-ruello","category-libera","category-mafie","category-oli-336"],"_links":{"self":[{"href":"https:\/\/www.olinews.it\/mt\/index.php?rest_route=\/wp\/v2\/posts\/3153","targetHints":{"allow":["GET"]}}],"collection":[{"href":"https:\/\/www.olinews.it\/mt\/index.php?rest_route=\/wp\/v2\/posts"}],"about":[{"href":"https:\/\/www.olinews.it\/mt\/index.php?rest_route=\/wp\/v2\/types\/post"}],"author":[{"embeddable":true,"href":"https:\/\/www.olinews.it\/mt\/index.php?rest_route=\/wp\/v2\/users\/1"}],"replies":[{"embeddable":true,"href":"https:\/\/www.olinews.it\/mt\/index.php?rest_route=%2Fwp%2Fv2%2Fcomments&post=3153"}],"version-history":[{"count":0,"href":"https:\/\/www.olinews.it\/mt\/index.php?rest_route=\/wp\/v2\/posts\/3153\/revisions"}],"wp:attachment":[{"href":"https:\/\/www.olinews.it\/mt\/index.php?rest_route=%2Fwp%2Fv2%2Fmedia&parent=3153"}],"wp:term":[{"taxonomy":"category","embeddable":true,"href":"https:\/\/www.olinews.it\/mt\/index.php?rest_route=%2Fwp%2Fv2%2Fcategories&post=3153"},{"taxonomy":"post_tag","embeddable":true,"href":"https:\/\/www.olinews.it\/mt\/index.php?rest_route=%2Fwp%2Fv2%2Ftags&post=3153"}],"curies":[{"name":"wp","href":"https:\/\/api.w.org\/{rel}","templated":true}]}}