{"id":318,"date":"2005-03-03T20:14:09","date_gmt":"2005-03-03T20:14:09","guid":{"rendered":"http:\/\/www.comevedonoidaltonici.com\/wordpress\/?p=318"},"modified":"2005-03-03T20:14:09","modified_gmt":"2005-03-03T20:14:09","slug":"funerali-resto-chiuso-il-duomo-per-don-milani","status":"publish","type":"post","link":"https:\/\/www.olinews.it\/mt\/?p=318","title":{"rendered":"<i>Funerali<\/i>. Rest\u00f2 chiuso il Duomo per Don Milani"},"content":{"rendered":"<p>Tant&#8217;\u00e8 il Vespa \u00e8 tornato a colpire, ma furbini quelli del Secolo XIX, anzich\u00e9 metterlo in prima pagina, con la fotografia ammiccante di uno che garantisce l&#8217;America al posto delle sue piccole analisi, lo nascondono all&#8217;interno.<\/p>\n<p><!--more--><br \/>\nCos\u00ec non si perdono la vendita della mia copia di giornale, perch\u00e9 non posso sfogliarlo sotto il naso dell&#8217;edicolante e lasciarlo l\u00ec, se dentro ci trovo il Vespa.<br \/>\nSuccede pure che qualche volta lo leggo (per disciplina o sadomasochismo?). Qualche giorno fa si \u00e8 esibito in un commosso fervorino sui funerali di don Giussani, enfatizzando i ventimila presenti e non mancando di citare tutti quelli che c&#8217;erano e che secondo lui contavano (e cantavano). A me \u00e8 venuto subito in mente un altro funerale, di tanti anni fa: quello di don Milani. Nel piccolo cimitero di Barbiana c&#8217;erano i suoi ragazzi, i familiari, i collaboratori.<br \/>\nEra un pugno di gente, rispetto alla folla oceanica convenuta per don Giussani, chiusa in un silenzio che quasi si sentiva. Ma era il pugno di lievito che avrebbe fatto crescere nel mondo l&#8217;idea che la pace \u00e8 il pi\u00f9 grande dei beni ed \u00e8 possibile. Bastava cominciare a pensare che la &#8220;obbedienza non era pi\u00f9 una virt\u00f9&#8221;. Da quella piccola idea, che don Milani ha pagato a carissimo prezzo, sono nati i pacificatori del mondo che oggi sono un esercito. E hanno dalla loro il Papa.<br \/>\n<em>(Giovanni Meriana)<\/em><\/p>\n","protected":false},"excerpt":{"rendered":"<p>Newsletter n. 48<\/p>\n","protected":false},"author":1,"featured_media":0,"comment_status":"open","ping_status":"closed","sticky":false,"template":"","format":"standard","meta":{"footnotes":""},"categories":[50,16],"tags":[],"class_list":["post-318","post","type-post","status-publish","format-standard","hentry","category-50","category-cultura"],"_links":{"self":[{"href":"https:\/\/www.olinews.it\/mt\/index.php?rest_route=\/wp\/v2\/posts\/318","targetHints":{"allow":["GET"]}}],"collection":[{"href":"https:\/\/www.olinews.it\/mt\/index.php?rest_route=\/wp\/v2\/posts"}],"about":[{"href":"https:\/\/www.olinews.it\/mt\/index.php?rest_route=\/wp\/v2\/types\/post"}],"author":[{"embeddable":true,"href":"https:\/\/www.olinews.it\/mt\/index.php?rest_route=\/wp\/v2\/users\/1"}],"replies":[{"embeddable":true,"href":"https:\/\/www.olinews.it\/mt\/index.php?rest_route=%2Fwp%2Fv2%2Fcomments&post=318"}],"version-history":[{"count":0,"href":"https:\/\/www.olinews.it\/mt\/index.php?rest_route=\/wp\/v2\/posts\/318\/revisions"}],"wp:attachment":[{"href":"https:\/\/www.olinews.it\/mt\/index.php?rest_route=%2Fwp%2Fv2%2Fmedia&parent=318"}],"wp:term":[{"taxonomy":"category","embeddable":true,"href":"https:\/\/www.olinews.it\/mt\/index.php?rest_route=%2Fwp%2Fv2%2Fcategories&post=318"},{"taxonomy":"post_tag","embeddable":true,"href":"https:\/\/www.olinews.it\/mt\/index.php?rest_route=%2Fwp%2Fv2%2Ftags&post=318"}],"curies":[{"name":"wp","href":"https:\/\/api.w.org\/{rel}","templated":true}]}}