{"id":321,"date":"2005-03-09T22:26:27","date_gmt":"2005-03-09T22:26:27","guid":{"rendered":"http:\/\/www.comevedonoidaltonici.com\/wordpress\/?p=321"},"modified":"2005-03-09T22:26:27","modified_gmt":"2005-03-09T22:26:27","slug":"sos-neve-almeno-il-telefono-in-attesa-del-futuro","status":"publish","type":"post","link":"https:\/\/www.olinews.it\/mt\/?p=321","title":{"rendered":"<i>SOS neve<\/i>. Almeno il telefono in attesa del futuro"},"content":{"rendered":"<p>Gioved\u00ec 3 marzo Genova si sveglia sotto la neve. E si ferma. Aspetto un collega che arriva in aereo. Sicuramente l&#8217;aeroporto \u00e8 inattivo. Alle 9,30 telefono per sapere su quale scalo sia stato dirottato il suo volo.<\/p>\n<p><!--more--><br \/>\nProvo a lungo tutti i numeri utili dove messaggi preregistrati mi invitano a digitare sequenze infinite di numeri. Li provo tutti, pi\u00f9 volte; inutilmente. L&#8217;unico messaggio, registrato, \u00e8 che il volo per Roma delle 6,55 \u00e8 previsto per le 10,30.<br \/>\nAlla fine provo coi Vigili del fuoco. Risponde una voce, gentile: &#8220;S\u00ec, l&#8217;aeroporto \u00e8 chiuso&#8221;. Insisto: &#8220;Ma, per una informazione&#8230;&#8221;. Dall&#8217;altra parte la stessa voce, stupita: &#8220;Sa, \u00e8 chiuso: non c&#8217;\u00e8 proprio nessuno&#8221;.<br \/>\nHo letto che forse sposteranno l&#8217;aeroporto pi\u00f9 a mare o forse nel basso Piemonte. E&#8217; previsto infatti un aumento del traffico perch\u00e9 Genova, dopo essere stata la &#8220;capitale della cultura&#8221; dovrebbe diventare la &#8220;capitale della logistica&#8221;.<br \/>\nChiss\u00e0 forse allora le cose miglioreranno&#8230;<br \/>\n<em>(Oscar Itzcovich)<\/em><\/p>\n","protected":false},"excerpt":{"rendered":"<p>Newsletter n. 49<\/p>\n","protected":false},"author":1,"featured_media":0,"comment_status":"open","ping_status":"closed","sticky":false,"template":"","format":"standard","meta":{"footnotes":""},"categories":[51,20],"tags":[],"class_list":["post-321","post","type-post","status-publish","format-standard","hentry","category-51","category-citta"],"_links":{"self":[{"href":"https:\/\/www.olinews.it\/mt\/index.php?rest_route=\/wp\/v2\/posts\/321","targetHints":{"allow":["GET"]}}],"collection":[{"href":"https:\/\/www.olinews.it\/mt\/index.php?rest_route=\/wp\/v2\/posts"}],"about":[{"href":"https:\/\/www.olinews.it\/mt\/index.php?rest_route=\/wp\/v2\/types\/post"}],"author":[{"embeddable":true,"href":"https:\/\/www.olinews.it\/mt\/index.php?rest_route=\/wp\/v2\/users\/1"}],"replies":[{"embeddable":true,"href":"https:\/\/www.olinews.it\/mt\/index.php?rest_route=%2Fwp%2Fv2%2Fcomments&post=321"}],"version-history":[{"count":0,"href":"https:\/\/www.olinews.it\/mt\/index.php?rest_route=\/wp\/v2\/posts\/321\/revisions"}],"wp:attachment":[{"href":"https:\/\/www.olinews.it\/mt\/index.php?rest_route=%2Fwp%2Fv2%2Fmedia&parent=321"}],"wp:term":[{"taxonomy":"category","embeddable":true,"href":"https:\/\/www.olinews.it\/mt\/index.php?rest_route=%2Fwp%2Fv2%2Fcategories&post=321"},{"taxonomy":"post_tag","embeddable":true,"href":"https:\/\/www.olinews.it\/mt\/index.php?rest_route=%2Fwp%2Fv2%2Ftags&post=321"}],"curies":[{"name":"wp","href":"https:\/\/api.w.org\/{rel}","templated":true}]}}