{"id":3212,"date":"2012-02-07T17:40:00","date_gmt":"2012-02-07T16:40:00","guid":{"rendered":"http:\/\/www.olinews.it\/mt\/?p=3212"},"modified":"2012-02-07T17:40:00","modified_gmt":"2012-02-07T16:40:00","slug":"oli-330-primarie-doria-nichi-e-la-creativita-di-una-perdita-dacqua","status":"publish","type":"post","link":"https:\/\/www.olinews.it\/mt\/?p=3212","title":{"rendered":"OLI 330: PRIMARIE &#8211; Doria, Nichi, e la creativit\u00e0 di una perdita d&#8217;acqua"},"content":{"rendered":"<table cellpadding=\"0\" cellspacing=\"0\" style=\"float: left; margin-right: 1em; text-align: left;\">\n<tbody>\n<tr>\n<td style=\"text-align: center;\"><a href=\"http:\/\/1.bp.blogspot.com\/-WfL076Bu3RQ\/TzBJpJ5Y_PI\/AAAAAAAAAvI\/c8IM2vxiTL8\/s1600\/Giornalisti+per+vendola+e+doria.JPG\" style=\"clear: left; margin-bottom: 1em; margin-left: auto; margin-right: auto;\"><img loading=\"lazy\" decoding=\"async\" border=\"0\" height=\"240\" src=\"http:\/\/1.bp.blogspot.com\/-WfL076Bu3RQ\/TzBJpJ5Y_PI\/AAAAAAAAAvI\/c8IM2vxiTL8\/s320\/Giornalisti+per+vendola+e+doria.JPG\" width=\"320\" \/><\/a><\/td>\n<\/tr>\n<tr>\n<td style=\"text-align: center;\">Un muro di fotografi per Doria, Vendola e Don Gallo<\/td>\n<\/tr>\n<\/tbody>\n<\/table>\n<p>Al banchetto dei gadget, oltre al volantino, vengono distribuite matite, spille e fazzoletti. Gli ultimi, mi spiega una supporter, serviranno per \u201casciugarsi le lacrime di felicit\u00e0\u201d dopo che Doria avr\u00e0 vinto le primarie.<br \/>Il 1 febbraio 2012 la sala chiamata del porto \u2013 tempio di austerit\u00e0 operaia &#8211; \u00e8 bandita a festa con palloncini arancioni e manifesti. E se non siamo alle convention americane, poco ci manca: nel tempo si pu\u00f2 migliorare, affinarsi. Le primarie genovesi ci ricordano che da consumatori di beni siamo anche diventati consumatori di politica e l\u2019evento, a seconda della regia, va dritto al cuore.<br \/>In sala nessuno pare domandarsi cosa stia accadendo alla parte migliore della sinistra di questo paese. E chi percepisce il cambiamento lo accoglie con l\u2019entusiasmo di aver imparato a maneggiare le armi del nemico, quelle del puro marketing politico e della <i>vision<\/i>.<br \/>L\u2019incontro \u00e8 denso di speranze: Gallo, Vendola e Telese sono un bel tris per i sostenitori del Pisapia locale in salsa di noci.<br \/>Ad una giovane e bellissima studentessa l\u2019onore del primo, breve intervento: primarie come occasione per valorizzare i giovani e prendere la parola rispetto ai partiti che \u201cnon ci rappresentano pi\u00f9\u201d. Per tutto l\u2019incontro lei, unica donna al tavolo dei relatori, non verr\u00e0 pi\u00f9 interpellata.<br \/>Nichi porta a Marco e alla platea la sua capacit\u00e0 di raccontare i diritti smarriti e la solidariet\u00e0, vira come un pilota acrobatico dal paradigma Fiat, al welfare per arrivare al \u201cturbocapitalismo ebbro e famelico\u201d e \u201calla vita agra degli operai\u201d. Vendola sosta sulle scelte coraggiose fatte nella sua regione come la regolarizzazione dei precari. Ma pi\u00f9 che Marco Doria, di cui dice poco,  Nichi sostiene soprattutto se stesso ed una politica che deve imparare a difendersi dagli attacchi del mercato e della finanza in nome dei diritti e della giustizia sociale. Anche a Genova.<br \/>Don Gallo \u00e8 certo che Marco sia \u201cl\u2019uomo nuovo\u201d. Il suo entusiasmo \u00e8 autentico e sente che la vittoria \u00e8 palpabile, come tangibile \u00e8 l\u2019entusiasmo dei sostenitori di Doria, desiderosi di diritti, lavoro e servizi sociali. Alla chiamata non sono presenti i funamboli del Pd, ma molti delusi dell\u2019attuale giunta. E gli interventi di Doria e Vendola evocano un <i>new deal<\/i> e la necessit\u00e0 che il soggetto pubblico locale diventi interlocutore del governo nazionale. Si valorizzano importanza di ascolto e linguaggio. E la \u201cpossibilit\u00e0 per i cittadini di prendere la parola nei consessi collettivi\u201d.<br \/>E\u2019 una politica alta quella che scalda i cuori in sala, che non vuole ridurre la riflessione sul governo di una grande citt\u00e0 come Genova alle manutenzioni dei marciapiedi. Una politica che dichiara: \u201cNon ci vuole una scienza per trovare la soluzione al problema dei marciapiedi\u201d, consapevole che sia necessario un \u201cgrande sforzo creativo e di analisi per condurre un Comune ed una Regione\u201d.<\/p>\n<div style=\"clear: both; text-align: center;\"><a href=\"http:\/\/4.bp.blogspot.com\/-LA7WL8IKxDU\/TzBKey7lWPI\/AAAAAAAAAvQ\/y3lGxFe-R24\/s1600\/acqua+salita+torretta.JPG\" style=\"clear: left; float: left; margin-bottom: 1em; margin-right: 1em;\"><img loading=\"lazy\" decoding=\"async\" border=\"0\" height=\"240\" src=\"http:\/\/4.bp.blogspot.com\/-LA7WL8IKxDU\/TzBKey7lWPI\/AAAAAAAAAvQ\/y3lGxFe-R24\/s320\/acqua+salita+torretta.JPG\" width=\"320\" \/><\/a><\/div>\n<p>A proposito di creativit\u00e0, avviso a tutti candidati: accanto la fotografia scattata alle ore 15.00 del 6 febbraio relativa ad una perdita di acqua in Salita della Torretta. Lo scatto \u00e8 stato segnalato telefonicamente e per e-mail alla protezione civile nel primo pomeriggio, anche per il rischio gelate notturne.<br \/>Alle 19.30 l\u2019acqua continuava a sgorgare copiosa come in un torrente di Courmayeur.<br \/>Sullo sforzo di analisi si attende fiduciosi.<br \/><b>(<i>Giovanna Profumo &#8211; foto dell&#8217;autrice<\/i>)<\/b><\/p>\n","protected":false},"excerpt":{"rendered":"<p>Un muro di fotografi per Doria, Vendola e Don Gallo Al banchetto dei gadget, oltre al volantino, vengono distribuite matite, spille e fazzoletti. Gli ultimi, mi spiega una supporter, serviranno per \u201casciugarsi le lacrime di felicit\u00e0\u201d dopo che Doria avr\u00e0 vinto le primarie.Il 1 febbraio 2012 la sala chiamata del porto \u2013 tempio di austerit\u00e0 [&hellip;]<\/p>\n","protected":false},"author":1,"featured_media":0,"comment_status":"closed","ping_status":"closed","sticky":false,"template":"","format":"standard","meta":{"footnotes":""},"categories":[306,304,444,362,1629,1940,683,673],"tags":[],"class_list":["post-3212","post","type-post","status-publish","format-standard","hentry","category-genova","category-giovanna-profumo","category-manutenzione","category-marco-doria","category-nichi-vendola","category-oli-330","category-primarie","category-protezione-civile"],"_links":{"self":[{"href":"https:\/\/www.olinews.it\/mt\/index.php?rest_route=\/wp\/v2\/posts\/3212","targetHints":{"allow":["GET"]}}],"collection":[{"href":"https:\/\/www.olinews.it\/mt\/index.php?rest_route=\/wp\/v2\/posts"}],"about":[{"href":"https:\/\/www.olinews.it\/mt\/index.php?rest_route=\/wp\/v2\/types\/post"}],"author":[{"embeddable":true,"href":"https:\/\/www.olinews.it\/mt\/index.php?rest_route=\/wp\/v2\/users\/1"}],"replies":[{"embeddable":true,"href":"https:\/\/www.olinews.it\/mt\/index.php?rest_route=%2Fwp%2Fv2%2Fcomments&post=3212"}],"version-history":[{"count":0,"href":"https:\/\/www.olinews.it\/mt\/index.php?rest_route=\/wp\/v2\/posts\/3212\/revisions"}],"wp:attachment":[{"href":"https:\/\/www.olinews.it\/mt\/index.php?rest_route=%2Fwp%2Fv2%2Fmedia&parent=3212"}],"wp:term":[{"taxonomy":"category","embeddable":true,"href":"https:\/\/www.olinews.it\/mt\/index.php?rest_route=%2Fwp%2Fv2%2Fcategories&post=3212"},{"taxonomy":"post_tag","embeddable":true,"href":"https:\/\/www.olinews.it\/mt\/index.php?rest_route=%2Fwp%2Fv2%2Ftags&post=3212"}],"curies":[{"name":"wp","href":"https:\/\/api.w.org\/{rel}","templated":true}]}}