{"id":3213,"date":"2012-02-07T17:35:00","date_gmt":"2012-02-07T16:35:00","guid":{"rendered":"http:\/\/www.olinews.it\/mt\/?p=3213"},"modified":"2012-02-07T17:35:00","modified_gmt":"2012-02-07T16:35:00","slug":"oli-330-primarie-rappresentanza-femminile-tra-realta-e-promesse","status":"publish","type":"post","link":"https:\/\/www.olinews.it\/mt\/?p=3213","title":{"rendered":"OLI 330: PRIMARIE &#8211; Rappresentanza femminile tra realt\u00e0 e promesse"},"content":{"rendered":"<div style=\"clear: both; text-align: center;\"><a href=\"http:\/\/2.bp.blogspot.com\/-3VhhuynT8N0\/TzEiG1QJHmI\/AAAAAAAAAvg\/H1h-umEot3Y\/s1600\/IMG_1346.jpg\" style=\"clear: left; float: left; margin-bottom: 1em; margin-right: 1em;\"><img loading=\"lazy\" decoding=\"async\" border=\"0\" height=\"300\" src=\"http:\/\/2.bp.blogspot.com\/-3VhhuynT8N0\/TzEiG1QJHmI\/AAAAAAAAAvg\/H1h-umEot3Y\/s400\/IMG_1346.jpg\" width=\"400\" \/><\/a><\/div>\n<p>Il dibattito tra candidate e candidati alle primarie, organizzato lo scorso venerd\u00ec dalle donne di \u201cSe non ora quando\u201d, viene introdotto da un filmato del 1999, \u201cQuando le donne e gli uomini governano insieme, la scelta svedese\u201d, prodotto da AFEM (*).<br \/>Per circa mezz\u2019ora immagini e parole di donne e di uomini, nessun sesso in prevalenza sull\u2019altro, rivelano il grande passaggio culturale avvenuto in quella societ\u00e0:  \u201cQui abbiamo negato l\u2019universalit\u00e0 maschile\u201d;  \u201cSe gli uomini conoscono i bambini, e le madri entrano a gestire l\u2019economia, si creano le condizioni perch\u00e9 possano decidere insieme\u201d; \u201cL\u2019uomo aggressivo \u00e8 frutto del patriarcato\u201d; \u201cGli uomini hanno bisogno di aiuto quando diventano babbi\u201d; \u201cE\u2019 molto importante occuparsi delle faccende domestiche\u201d;  \u201cSono diventato un migliore politico da quando ho avuto un figlio\u201d; \u201cLe ragazze mi parlano di problemi che non porrebbero mai ad un uomo\u201d, detto da una donna sacerdote.<br \/>Il pubblico contempla invidioso madri e padri che salgono sereni sugli autobus pilotando grandi carrozzelle per bambini, e legge numeri che descrivono un mondo alieno: il 50% dei parlamentari sono donne, il 31 % dei padri prende il permesso di paternit\u00e0, il 40 % quello per malattia dei figli.<\/p>\n<div style=\"clear: both; text-align: center;\"><a href=\"http:\/\/1.bp.blogspot.com\/-EqN3ksoUqhs\/TzEh4huk67I\/AAAAAAAAAvY\/F38GmZOSRoQ\/s1600\/IMG_1366.jpg\" style=\"clear: right; float: right; margin-bottom: 1em; margin-left: 1em;\"><img loading=\"lazy\" decoding=\"async\" border=\"0\" height=\"300\" src=\"http:\/\/1.bp.blogspot.com\/-EqN3ksoUqhs\/TzEh4huk67I\/AAAAAAAAAvY\/F38GmZOSRoQ\/s400\/IMG_1366.jpg\" width=\"400\" \/><\/a><\/div>\n<p>Questa volta c&#8217;erano Marco Doria, Andrea Sassano, e Marta Vincenzi, ma mancavano Roberta Pinotti ed Angela Burlando.<br \/>Le assenze, unite alla breve presenza della sindaco richiamata da un impegno istituzionale, fanno mancare il pregio di un vero confronto, ma l&#8217;incontro \u00e8 comunque interessante.<br \/>Marta Vincenzi interviene per prima, e alla domanda: \u201cche difficolt\u00e0 pensate di avere a garantire in giunta una rappresentanza di donne al 50%?\u201d risponde dicendo che \u201c<i>sarebbe ben lieta di avere il 50% di donne<\/i>\u201d, puntualizzando per\u00f2 che potrebbe essere un obbiettivo illusorio: \u201c<i>Anche esperienze avanzate possono essere facilmente annullate. Non ci sono scorciatoie. Ci vuole un movimento forte, con idee condizionanti<\/i>\u201d. Che invece manca.<br \/>Aggiunge che \u201c<i>Il numero delle dirigenti donne nel Comune \u00e8 il pi\u00f9 alto d\u2019Italia<\/i>\u201d (il 44%, ndr.), e chiede \u201c<i>Ma chi se ne \u00e8 accorto?<\/i>\u201d.<br \/>Non sar\u00e0 pi\u00f9 in sala quando una donna del pubblico osserva: \u201c<i>Appunto, non ce ne siamo accorti, perch\u00e9 quel che conta \u00e8 la politica a monte, il resto segue<\/i>\u201d. E \u201ca monte\u201d, in giunta, oggi le donne sono tre su undici.<\/p>\n<div style=\"clear: both; text-align: center;\"><a href=\"http:\/\/4.bp.blogspot.com\/-EdIb99cnKyw\/TzEiXrkHo3I\/AAAAAAAAAvo\/JBxYcN0JNvg\/s1600\/IMG_1359.jpg\" style=\"clear: left; float: left; margin-bottom: 1em; margin-right: 1em;\"><img loading=\"lazy\" decoding=\"async\" border=\"0\" height=\"300\" src=\"http:\/\/4.bp.blogspot.com\/-EdIb99cnKyw\/TzEiXrkHo3I\/AAAAAAAAAvo\/JBxYcN0JNvg\/s400\/IMG_1359.jpg\" width=\"400\" \/><\/a><\/div>\n<p>Certamente la posizione di chi deve dare conto di un\u2019esperienza di governo \u00e8 diversa da quella, momentaneamente pi\u00f9 comoda, di chi ha ancora un terreno vergine davanti. Doria avverte questo divario, e dichiara il proprio disagio nel formulare promesse che potranno essere sottoposte a verifica solo successivamente.<br \/>Comunque, come Sassano, prende l\u2019impegno di portare la rappresentanza femminile al 50%: \u201c<i>E\u2019 centrale portare pi\u00f9 donne alla responsabilit\u00e0 politica. Ci sono contenuti e politiche che vanno cambiati, e il punto di vista femminile \u00e8 determinante. Bisogna ripensare il modo di vivere, il linguaggio, il modo di leggere le questioni<\/i>\u201d.<br \/>La sindaco \u00e8 andata via da tempo quando viene posta la domanda conclusiva: \u201cQuale sar\u00e0 la vostra prima azione, intesa  a valorizzare ed appoggiare le donne?\u201d<br \/>Sassano pensa ad una <i>authority<\/i> che verifichi il rispetto della parit\u00e0 di genere negli atti della amministrazione comunale. Doria pone al centro &#8220;<i>Un&#8217;indispensabile condizione preliminare<\/i>&#8220;, cio\u00e8 garantire prima di tutto l\u2019efficienza della macchina comunale &#8220;<i>valorizzando e accrescendo le competenze di chi ci lavora, motivandolo a lavorare bene<\/i>&#8220;. Senza il buon funzionamento della fabbrica di cui si \u00e8 direttamente responsabili non c\u2019\u00e8 buona intenzione che tenga.<br \/>(*) <a href=\"http:\/\/www.blogger.com\/Association%20des%20Femmes%20de%20l%27Europe%20Meridionale%20-%20http:\/\/afem.itane.com\/%20\">Association des Femmes de l&#8217;Europe Meridionale &#8211; http:\/\/afem.itane.com\/  <\/a><br \/><b>(<i>Paola Pierantoni &#8211; Foto dell&#8217;autrice<\/i>)<\/b><\/p>\n","protected":false},"excerpt":{"rendered":"<p>Il dibattito tra candidate e candidati alle primarie, organizzato lo scorso venerd\u00ec dalle donne di \u201cSe non ora quando\u201d, viene introdotto da un filmato del 1999, \u201cQuando le donne e gli uomini governano insieme, la scelta svedese\u201d, prodotto da AFEM (*).Per circa mezz\u2019ora immagini e parole di donne e di uomini, nessun sesso in prevalenza [&hellip;]<\/p>\n","protected":false},"author":1,"featured_media":0,"comment_status":"closed","ping_status":"closed","sticky":false,"template":"","format":"standard","meta":{"footnotes":""},"categories":[1946,303,362,1497,1940,345,839],"tags":[],"class_list":["post-3213","post","type-post","status-publish","format-standard","hentry","category-andrea-sassano","category-donne","category-marco-doria","category-marta-vincenzi","category-oli-330","category-paola-pierantoni","category-prima-pagina"],"_links":{"self":[{"href":"https:\/\/www.olinews.it\/mt\/index.php?rest_route=\/wp\/v2\/posts\/3213","targetHints":{"allow":["GET"]}}],"collection":[{"href":"https:\/\/www.olinews.it\/mt\/index.php?rest_route=\/wp\/v2\/posts"}],"about":[{"href":"https:\/\/www.olinews.it\/mt\/index.php?rest_route=\/wp\/v2\/types\/post"}],"author":[{"embeddable":true,"href":"https:\/\/www.olinews.it\/mt\/index.php?rest_route=\/wp\/v2\/users\/1"}],"replies":[{"embeddable":true,"href":"https:\/\/www.olinews.it\/mt\/index.php?rest_route=%2Fwp%2Fv2%2Fcomments&post=3213"}],"version-history":[{"count":0,"href":"https:\/\/www.olinews.it\/mt\/index.php?rest_route=\/wp\/v2\/posts\/3213\/revisions"}],"wp:attachment":[{"href":"https:\/\/www.olinews.it\/mt\/index.php?rest_route=%2Fwp%2Fv2%2Fmedia&parent=3213"}],"wp:term":[{"taxonomy":"category","embeddable":true,"href":"https:\/\/www.olinews.it\/mt\/index.php?rest_route=%2Fwp%2Fv2%2Fcategories&post=3213"},{"taxonomy":"post_tag","embeddable":true,"href":"https:\/\/www.olinews.it\/mt\/index.php?rest_route=%2Fwp%2Fv2%2Ftags&post=3213"}],"curies":[{"name":"wp","href":"https:\/\/api.w.org\/{rel}","templated":true}]}}