{"id":322,"date":"2005-03-09T22:40:56","date_gmt":"2005-03-09T22:40:56","guid":{"rendered":"http:\/\/www.comevedonoidaltonici.com\/wordpress\/?p=322"},"modified":"2005-03-09T22:40:56","modified_gmt":"2005-03-09T22:40:56","slug":"cronaca-e-rispetto-della-dignita-personali","status":"publish","type":"post","link":"https:\/\/www.olinews.it\/mt\/?p=322","title":{"rendered":"Cronaca e rispetto della dignit\u00e0 personali"},"content":{"rendered":"<p>Il Codice deontologico dei giornalisti stabilisce che, salva l&#8217;essenzialit\u00e0 dell&#8217;informazione e rilevanti motivi di interesse pubblico, il giornalista<br \/>\na) non fornisce notizie o pubblica fotografie di soggetti coinvolti in fatti di cronaca lesive della dignit\u00e0 della persona;<\/p>\n<p><!--more--><br \/>\nb) non riprende n\u00e9 produce immagini e foto di persone in stato di detenzione senza il consenso dell&#8217;interessato;<br \/>\nc) non pu\u00f2 presentare le persone con ferri o manette ai polsi, salvo che ci\u00f2 sia necessario per segnalare abusi.<\/p>\n<div align=\"center\">\n<img loading=\"lazy\" decoding=\"async\" alt=\"cronaca.jpg\" src=\"http:\/\/www.olinews.it\/mt\/images\/cronaca.jpg\" width=\"354\" height=\"368\" \/>\n<\/div>\n<p>Qualcosa deve essere sfuggito al Secolo XIX del 2 marzo nel dare la notizia dell\u2019arresto di una giovane straniera accusata di una serie di furti di bancali in legno dall\u2019Ikea di Campi per accendere dei fal\u00f2 sul marciapiede e riscaldarsi. Nome e cognome, et\u00e0 e nazionalit\u00e0 della giovane insieme alla vistosa foto che riproduciamo. Dettagli del tutto inessenziali alla notizia.<br \/>\n<em>(Oscar Itzcovich)<\/em><br \/>\n<em>Nota: abbiamo debitamente schermato i volti dei protagonisti, per renderli irriconoscibili, cos\u00ec come legge e senso civile richiedono.<\/em><\/p>\n","protected":false},"excerpt":{"rendered":"<p>Newsletter n. 49<\/p>\n","protected":false},"author":1,"featured_media":0,"comment_status":"open","ping_status":"closed","sticky":false,"template":"","format":"standard","meta":{"footnotes":""},"categories":[51,11],"tags":[],"class_list":["post-322","post","type-post","status-publish","format-standard","hentry","category-51","category-diritti-umani"],"_links":{"self":[{"href":"https:\/\/www.olinews.it\/mt\/index.php?rest_route=\/wp\/v2\/posts\/322","targetHints":{"allow":["GET"]}}],"collection":[{"href":"https:\/\/www.olinews.it\/mt\/index.php?rest_route=\/wp\/v2\/posts"}],"about":[{"href":"https:\/\/www.olinews.it\/mt\/index.php?rest_route=\/wp\/v2\/types\/post"}],"author":[{"embeddable":true,"href":"https:\/\/www.olinews.it\/mt\/index.php?rest_route=\/wp\/v2\/users\/1"}],"replies":[{"embeddable":true,"href":"https:\/\/www.olinews.it\/mt\/index.php?rest_route=%2Fwp%2Fv2%2Fcomments&post=322"}],"version-history":[{"count":0,"href":"https:\/\/www.olinews.it\/mt\/index.php?rest_route=\/wp\/v2\/posts\/322\/revisions"}],"wp:attachment":[{"href":"https:\/\/www.olinews.it\/mt\/index.php?rest_route=%2Fwp%2Fv2%2Fmedia&parent=322"}],"wp:term":[{"taxonomy":"category","embeddable":true,"href":"https:\/\/www.olinews.it\/mt\/index.php?rest_route=%2Fwp%2Fv2%2Fcategories&post=322"},{"taxonomy":"post_tag","embeddable":true,"href":"https:\/\/www.olinews.it\/mt\/index.php?rest_route=%2Fwp%2Fv2%2Ftags&post=322"}],"curies":[{"name":"wp","href":"https:\/\/api.w.org\/{rel}","templated":true}]}}