{"id":3221,"date":"2012-01-31T17:50:00","date_gmt":"2012-01-31T16:50:00","guid":{"rendered":"http:\/\/www.olinews.it\/mt\/?p=3221"},"modified":"2012-01-31T17:50:00","modified_gmt":"2012-01-31T16:50:00","slug":"oli-329-primarie-candidati-a-confronto-gronda-e-terzo-valico","status":"publish","type":"post","link":"https:\/\/www.olinews.it\/mt\/?p=3221","title":{"rendered":"OLI 329: PRIMARIE &#8211; Candidati a confronto: gronda e terzo valico"},"content":{"rendered":"<div style=\"clear: both; text-align: center;\"><\/div>\n<p><a href=\"http:\/\/2.bp.blogspot.com\/-4jshe7offUA\/TygcRtcnqWI\/AAAAAAAAAu4\/3bj1D75iTkU\/s1600\/doria+e+burlando+due.jpg\" style=\"clear: left; float: left; margin-bottom: 1em; margin-right: 1em;\"><img loading=\"lazy\" decoding=\"async\" border=\"0\" height=\"300\" src=\"http:\/\/2.bp.blogspot.com\/-4jshe7offUA\/TygcRtcnqWI\/AAAAAAAAAu4\/3bj1D75iTkU\/s400\/doria+e+burlando+due.jpg\" width=\"400\" \/><\/a>Luned\u00ec 30 gennaio al Teatro della Giovent\u00f9 sala piccola e strapiena per un inedito e interessante confronto tra i candidati alle primarie del centro sinistra, chiamati a discutere dal Centro \u201cIn Europa\u201d sulla base di una serie di idee e proposte per la citt\u00e0, elaborate da un gruppo di esperti, e pubblicate nel numero 4\/2011 della rivista <i>In Europa<\/i>.<br \/>Erano stati invitati tutti: Angela Burlando, Marco Doria, Roberta Pinotti, Andrea Sassano, Marta Vincenzi, ma la sindaco fa sapere delle propria assenza \u201cper motivi istituzionali\u201d poco prima che inizi il dibattito, e la targa col suo nome, in attesa sul tavolo della presidenza, resta a creare incertezza.<br \/>Conduceva il dialogo il giornalista Menduni, giornalista del <i>Il Secolo XIX<\/i>, che concentra le sue domande intorno a due poli: quello della richiesta di sicurezza, a fronte dei  dati recenti sull\u2019aumento della microcriminalit\u00e0; e quello delle infrastrutture (gronda, terzo valico, Erzelli): sono questi  gli interventi, chiede, che potranno portare ricchezza alla citt\u00e0?<br \/>E\u2019 sul tema delle infrastrutture, in particolare terzo valico e gronda, che le differenze si manifestano in misura sensibile.<br \/>Roberta Pinotti \u00e8 per la continuit\u00e0. Afferma che non \u00e8 buona politica \u201cmettere in discussione quel che ha fatto l\u2019amministrazione precedente, perdere i soldi gi\u00e0 stanziati\u201d. Non fa distinzione tra i due interventi e si dice convinta \u201cche gronda e terzo valico siano opere essenziali\u201d. Entrare e uscire dalla citt\u00e0 infatti \u00e8 difficile. La Regione ha fatto le sue obiezioni ambientali, e \u201cchi realizza l\u2019opera ne terr\u00e0 conto\u201d, senza dimenticare per\u00f2 che spesso \u201cil meglio \u00e8 nemico del bene\u201d.  Passaggio polemico verso chi ricerca consenso cavalcando il malessere di chi si oppone alla realizzazione di queste opere.<br \/>Sassano puntualizza che i finanziamenti  ci sono solo in parte. E che l\u2019unica vera grande opera di cui avremmo bisogno \u00e8 la messa in sicurezza del territorio: \u201cqualsiasi opera che posa sul territorio ha bisogno di avere alle spalle questa messa in sicurezza\u201d.  Sottolinea inoltre che Genova \u00e8 una citt\u00e0 poco trasparente, dove le decisioni che contano vengono prese in circoli chiusi, che rappresentano gruppi di interesse: \u201cOccorre uscire da questo <i>tunnel<\/i>\u201d.<br \/>Doria punta sulla necessit\u00e0 di avere una chiara visione del futuro: \u201cSiamo vicini al punto di non ritorno nel nostro rapporto con l\u2019ambiente, e la prospettiva di Genova non \u00e8 pi\u00f9 quella dell\u2019espansione industriale degli anni \u201950 e \u201960. Dobbiamo metterci in un\u2019altra dimensione\u201d. Nel merito, afferma che la gronda \u00e8 dentro la prospettiva perdente della mobilit\u00e0 su gomma, che spostarne il tracciato un po\u2019 pi\u00f9 in su o in gi\u00f9 non sposta il problema: \u201cSe una strada \u00e8 sbagliata va messa in discussione  anche se qualcuno ha fatto una puntata mettendoci un po\u2019 di soldi\u201d. A proposito della ricerca di consenso puntualizza che i gruppi d\u2019interesse pi\u00f9 forti sono a favore della realizzazione dell\u2019opera. Quanto al terzo valico non \u00e8 pregiudizialmente contrario, ma pone una questione di tempi, risorse e priorit\u00e0: l\u2019opera non sar\u00e0 compiuta prima del 2022, e ci sono ancora 4 miliardi da trovare: che si fa nel frattempo, nel prossimo quinquennio?  Ci sono altri interventi possibili? Possiamo portare gli altri poteri, le ferrovie, a discuterne?<br \/><b>(<i>Paola Pierantoni<\/i> &#8211; <i>foto di Giovanna Profumo<\/i>)<\/b><\/p>\n","protected":false},"excerpt":{"rendered":"<p>Luned\u00ec 30 gennaio al Teatro della Giovent\u00f9 sala piccola e strapiena per un inedito e interessante confronto tra i candidati alle primarie del centro sinistra, chiamati a discutere dal Centro \u201cIn Europa\u201d sulla base di una serie di idee e proposte per la citt\u00e0, elaborate da un gruppo di esperti, e pubblicate nel numero 4\/2011 [&hellip;]<\/p>\n","protected":false},"author":1,"featured_media":0,"comment_status":"closed","ping_status":"closed","sticky":false,"template":"","format":"standard","meta":{"footnotes":""},"categories":[1946,20,306,1288,392,362,1955,345,541,10,683,763,894],"tags":[],"class_list":["post-3221","post","type-post","status-publish","format-standard","hentry","category-andrea-sassano","category-citta","category-genova","category-gronda","category-guido-rosato","category-marco-doria","category-oli-329","category-paola-pierantoni","category-pd","category-politica","category-primarie","category-roberta-pinotti","category-terzo-valico"],"_links":{"self":[{"href":"https:\/\/www.olinews.it\/mt\/index.php?rest_route=\/wp\/v2\/posts\/3221","targetHints":{"allow":["GET"]}}],"collection":[{"href":"https:\/\/www.olinews.it\/mt\/index.php?rest_route=\/wp\/v2\/posts"}],"about":[{"href":"https:\/\/www.olinews.it\/mt\/index.php?rest_route=\/wp\/v2\/types\/post"}],"author":[{"embeddable":true,"href":"https:\/\/www.olinews.it\/mt\/index.php?rest_route=\/wp\/v2\/users\/1"}],"replies":[{"embeddable":true,"href":"https:\/\/www.olinews.it\/mt\/index.php?rest_route=%2Fwp%2Fv2%2Fcomments&post=3221"}],"version-history":[{"count":0,"href":"https:\/\/www.olinews.it\/mt\/index.php?rest_route=\/wp\/v2\/posts\/3221\/revisions"}],"wp:attachment":[{"href":"https:\/\/www.olinews.it\/mt\/index.php?rest_route=%2Fwp%2Fv2%2Fmedia&parent=3221"}],"wp:term":[{"taxonomy":"category","embeddable":true,"href":"https:\/\/www.olinews.it\/mt\/index.php?rest_route=%2Fwp%2Fv2%2Fcategories&post=3221"},{"taxonomy":"post_tag","embeddable":true,"href":"https:\/\/www.olinews.it\/mt\/index.php?rest_route=%2Fwp%2Fv2%2Ftags&post=3221"}],"curies":[{"name":"wp","href":"https:\/\/api.w.org\/{rel}","templated":true}]}}