{"id":3226,"date":"2012-01-31T17:25:00","date_gmt":"2012-01-31T16:25:00","guid":{"rendered":"http:\/\/www.olinews.it\/mt\/?p=3226"},"modified":"2012-01-31T17:25:00","modified_gmt":"2012-01-31T16:25:00","slug":"oli-329-cultura-ivano-fossati-concerto-daddio","status":"publish","type":"post","link":"https:\/\/www.olinews.it\/mt\/?p=3226","title":{"rendered":"Oli 329: CULTURA &#8211; Ivano Fossati, concerto d&#8217;addio"},"content":{"rendered":"<div style=\"clear: both; text-align: center;\"><a href=\"http:\/\/2.bp.blogspot.com\/-dUpDq0xUwAM\/Tya2VoreIDI\/AAAAAAAAAuQ\/TGxDgIDMEgY\/s1600\/fossati.jpg\" style=\"clear: left; float: left; margin-bottom: 1em; margin-right: 1em;\"><img loading=\"lazy\" decoding=\"async\" border=\"0\" height=\"234\" src=\"http:\/\/2.bp.blogspot.com\/-dUpDq0xUwAM\/Tya2VoreIDI\/AAAAAAAAAuQ\/TGxDgIDMEgY\/s320\/fossati.jpg\" width=\"320\" \/><\/a><\/div>\n<p>Perch\u00e9 tanto notevole questo concerto? Perch\u00e9 indica un termine. Comunica che le cose non possono durare per sempre. Accetta e fa accettare l\u2019esistenza di un limite.<br \/>Lunga vita a tutti, dopo questo concerto. A Ivano Fossati e a tutti noi.<br \/>Ma non c\u2019\u00e8 dubbio che la prima cosa che si pensa di fronte ad un evento come questo \u00e8 che, come la stagione di un musicista, anche la vita avr\u00e0 il suo termine.<br \/>Non a caso il concerto stenta a finire. Una uscita di scena dopo l\u2019altra, ed altrettanti ritorni sul palco. Un bis dopo l\u2019altro. L\u2019ultimo applauso, che non \u00e8 mai l\u2019ultimo.<br \/>Difficile faccenda dire \u201cfine\u201d. Sembra che la conclusione arrivi quando Fossati rientra, da solo, siede al pianoforte, e attacca \u201cLa costruzione di un amore\u201d, forse uno dei pezzi pi\u00f9 amati, pi\u00f9 intimi, pi\u00f9 difficili.<br \/>Ma il momento dell\u2019addio viene ancora dilazionato. Poi il suono del flauto pronuncia la nota definitiva.<br \/>Ora a casa ci si va davvero, accompagnati da una bella tristezza, ricchi del patrimonio di umanit\u00e0 e di speranza \u201cintelligente\u201d lasciatoci da Fossati con le sue canzoni.<br \/>Grazie, Ivano.<br \/><b>(<i>Ivo Ruello &#8211; immagine da internet<\/i>)<\/b><\/p>\n","protected":false},"excerpt":{"rendered":"<p>Perch\u00e9 tanto notevole questo concerto? Perch\u00e9 indica un termine. Comunica che le cose non possono durare per sempre. Accetta e fa accettare l\u2019esistenza di un limite.Lunga vita a tutti, dopo questo concerto. A Ivano Fossati e a tutti noi.Ma non c\u2019\u00e8 dubbio che la prima cosa che si pensa di fronte ad un evento come [&hellip;]<\/p>\n","protected":false},"author":1,"featured_media":0,"comment_status":"closed","ping_status":"closed","sticky":false,"template":"","format":"standard","meta":{"footnotes":""},"categories":[1960,348,1353,1955,345],"tags":[],"class_list":["post-3226","post","type-post","status-publish","format-standard","hentry","category-ivano-fossati","category-ivo-ruello","category-musica","category-oli-329","category-paola-pierantoni"],"_links":{"self":[{"href":"https:\/\/www.olinews.it\/mt\/index.php?rest_route=\/wp\/v2\/posts\/3226","targetHints":{"allow":["GET"]}}],"collection":[{"href":"https:\/\/www.olinews.it\/mt\/index.php?rest_route=\/wp\/v2\/posts"}],"about":[{"href":"https:\/\/www.olinews.it\/mt\/index.php?rest_route=\/wp\/v2\/types\/post"}],"author":[{"embeddable":true,"href":"https:\/\/www.olinews.it\/mt\/index.php?rest_route=\/wp\/v2\/users\/1"}],"replies":[{"embeddable":true,"href":"https:\/\/www.olinews.it\/mt\/index.php?rest_route=%2Fwp%2Fv2%2Fcomments&post=3226"}],"version-history":[{"count":0,"href":"https:\/\/www.olinews.it\/mt\/index.php?rest_route=\/wp\/v2\/posts\/3226\/revisions"}],"wp:attachment":[{"href":"https:\/\/www.olinews.it\/mt\/index.php?rest_route=%2Fwp%2Fv2%2Fmedia&parent=3226"}],"wp:term":[{"taxonomy":"category","embeddable":true,"href":"https:\/\/www.olinews.it\/mt\/index.php?rest_route=%2Fwp%2Fv2%2Fcategories&post=3226"},{"taxonomy":"post_tag","embeddable":true,"href":"https:\/\/www.olinews.it\/mt\/index.php?rest_route=%2Fwp%2Fv2%2Ftags&post=3226"}],"curies":[{"name":"wp","href":"https:\/\/api.w.org\/{rel}","templated":true}]}}