{"id":323,"date":"2005-03-09T22:44:23","date_gmt":"2005-03-09T22:44:23","guid":{"rendered":"http:\/\/www.comevedonoidaltonici.com\/wordpress\/?p=323"},"modified":"2005-03-09T22:44:23","modified_gmt":"2005-03-09T22:44:23","slug":"exodus3-migranti-dimenticati-nella-vigilia-elettorale","status":"publish","type":"post","link":"https:\/\/www.olinews.it\/mt\/?p=323","title":{"rendered":"<i>Exodus\/3<\/i>. Migranti dimenticati nella vigilia elettorale"},"content":{"rendered":"<p>Il consuntivo di un anno d\u2019attivit\u00e0 dell\u2019ARCI per gli immigrati \u00e8 stato riportato da tutti i media cittadini ad eccezione del \u201cGiornale.L\u2019attivit\u00e0 svolta e i nuovi progetti si sommano a quelli delle altre associazioni e alle iniziative istituzionali di Provincia e Comune.<\/p>\n<p><!--more--><br \/>\nLa pi\u00f9 importante \u00e8 il \u201cvoto\u201d dice Walter Massa, responsabile del settore politiche sociali, \u201cpunto di partenza per il riconoscimento politico di un diritto e per l\u2019emersione dalla clandestinit\u00e0 sociale, lavorativa e politica di una societ\u00e0 nuova di cui il paese ha bisogno\u201d.<br \/>\nLa conferenza stampa dell\u2019ARCI \u00e8 un\u2019occasione per diverse riflessioni. In Genova questa popolazione si sta attestando, dopo l\u2019emersione delle irregolarit\u00e0, sui trentasettemila-quarantamila cittadini. Presenta profondi cambiamenti rispetto al recente passato. Da una forte presenza maschile, in transito ed instabile, si \u00e8 passati ad una presenza radicata, soprattutto femminile e, per lo pi\u00f9, con una forte connotazione sudamericana.<br \/>\nSi ripete il processo che aveva caratterizzato il flusso migratorio degli anni \u201950. Dopo un primo precario inserimento nel centro storico dell\u2019immigrato, si assiste al trasferimento con famiglia verso una pi\u00f9 adeguata sistemazione nella periferia dove, \u201cin alcune zone (ad esempio Campasso) i migranti stanno raggiungendo, nel numero, il pareggio con i residenti italiani. Per questo l\u2019associazione ha aperto sei strutture decentrate\u201d.<br \/>\nIl fenomeno dell\u2019immigrazione, inizialmente vissuto come problema, successivamente come opportunit\u00e0 da parte dei pi\u00f9 attenti osservatori, oggi \u00e8 comunemente accettato come necessit\u00e0 per  ringiovanire una popolazione invecchiata e come forza lavoro in mansioni indispensabili dove la domanda si \u00e8 drasticamente ridotta a causa della scolarizzazione (assistenza alla persona, attivit\u00e0 domestiche, lavoro sui turni, edilizia, manovalanza generica ecc.). Una domanda: Genova poteva fare a meno degli immigrati dal sud negli anni \u201850 e dei nuovi arrivi di quest\u2019ultimo decennio?<br \/>\nIntervistati dall\u2019ARCI sui centri di permanenza temporanei molti immigrati dichiarano di non conoscerli e di ritenerli inutili. Chi li conosce risponde che non rispettano i diritti umani. Prima di aprirne uno a Genova converrebbe vagliare attentamente l\u2019esperienza dei 13 centri gi\u00e0 funzionanti.<br \/>\nScuola e formazione giocano un ruolo importante nell\u2019inserimento degli immigrati. I tagli apportati dalla Moratti non favoriscono il loro accoglimento nella scuola e penalizzano gli allievi inseriti.<br \/>\nLa Regione ha un ruolo importante nelle \u201cpolitiche attive del lavoro\u201d. Stupisce che nella campagna elettorale in corso l\u2019argomento immigrazione rivesta un carattere marginale, affrontato con slogan. Un sospetto: indifferenza perch\u00e9 questi cittadini non votano ancora?<br \/>\n<em>(Vittorio Flick)<\/em><\/p>\n","protected":false},"excerpt":{"rendered":"<p>Newsletter n. 49<\/p>\n","protected":false},"author":1,"featured_media":0,"comment_status":"open","ping_status":"closed","sticky":false,"template":"","format":"standard","meta":{"footnotes":""},"categories":[51,7],"tags":[],"class_list":["post-323","post","type-post","status-publish","format-standard","hentry","category-51","category-immigrazione"],"_links":{"self":[{"href":"https:\/\/www.olinews.it\/mt\/index.php?rest_route=\/wp\/v2\/posts\/323","targetHints":{"allow":["GET"]}}],"collection":[{"href":"https:\/\/www.olinews.it\/mt\/index.php?rest_route=\/wp\/v2\/posts"}],"about":[{"href":"https:\/\/www.olinews.it\/mt\/index.php?rest_route=\/wp\/v2\/types\/post"}],"author":[{"embeddable":true,"href":"https:\/\/www.olinews.it\/mt\/index.php?rest_route=\/wp\/v2\/users\/1"}],"replies":[{"embeddable":true,"href":"https:\/\/www.olinews.it\/mt\/index.php?rest_route=%2Fwp%2Fv2%2Fcomments&post=323"}],"version-history":[{"count":0,"href":"https:\/\/www.olinews.it\/mt\/index.php?rest_route=\/wp\/v2\/posts\/323\/revisions"}],"wp:attachment":[{"href":"https:\/\/www.olinews.it\/mt\/index.php?rest_route=%2Fwp%2Fv2%2Fmedia&parent=323"}],"wp:term":[{"taxonomy":"category","embeddable":true,"href":"https:\/\/www.olinews.it\/mt\/index.php?rest_route=%2Fwp%2Fv2%2Fcategories&post=323"},{"taxonomy":"post_tag","embeddable":true,"href":"https:\/\/www.olinews.it\/mt\/index.php?rest_route=%2Fwp%2Fv2%2Ftags&post=323"}],"curies":[{"name":"wp","href":"https:\/\/api.w.org\/{rel}","templated":true}]}}