{"id":326,"date":"2005-03-09T22:52:20","date_gmt":"2005-03-09T22:52:20","guid":{"rendered":"http:\/\/www.comevedonoidaltonici.com\/wordpress\/?p=326"},"modified":"2005-03-09T22:52:20","modified_gmt":"2005-03-09T22:52:20","slug":"il-grande-architetto-slogan-elettorale","status":"publish","type":"post","link":"https:\/\/www.olinews.it\/mt\/?p=326","title":{"rendered":"Il grande architetto slogan elettorale"},"content":{"rendered":"<p>Il candidato del Polo delle Libert\u00e0 alla presidenza della Regione Liguria crede davvero, o gliel&#8217;hanno suggerito i suoi comunicatori, che in  campagna elettorale faccia buon gioco alla propaganda il nome del grande architetto per riprogettare il futuro assetto di Genova sul fronte del mare?<\/p>\n<p><!--more--><br \/>\nFossi un elettore di Biasotti diffiderei di questa fiera delle illusioni, dove i finanziamenti sono di l\u00e0 da venire e le prove di fattibilit\u00e0 tutte da verificare.<br \/>\nAvrei timore che tutto finisca in una colossale bolla, questa volta di sapone. Troverei invece pi\u00f9 credibile un candidato che, anzich\u00e9 ricorrere agli slogan e alla bacchetta magica del genio, suggerisse la strada dei concorsi di idee. Con questa seconda strategia si mette in moto il volano  della progettualit\u00e0 e della professionalit\u00e0 giovanile, creando il presupposto per l&#8217;affermarsi di nuove leve di architetti e recuperare risorse culturali.<br \/>\nC&#8217;\u00e8 in pi\u00f9 un altro vantaggio: difficilmente la pubblica amministrazione riesce a controllare e a orientare il parto della fantasia del genio. Deve rifiutarlo in blocco o prenderlo com&#8217;\u00e8. La prova \u00e8 nella mostra Arte e Architettura appena conclusa. Bellissima, ma quanti visitatori ha avuto e soprattutto quanto \u00e8 costata?<br \/>\n<em>(Giovanni Meriana)<\/em><\/p>\n","protected":false},"excerpt":{"rendered":"<p>Newsletter n. 49<\/p>\n","protected":false},"author":1,"featured_media":0,"comment_status":"open","ping_status":"closed","sticky":false,"template":"","format":"standard","meta":{"footnotes":""},"categories":[51,10,5],"tags":[],"class_list":["post-326","post","type-post","status-publish","format-standard","hentry","category-51","category-politica","category-propaganda"],"_links":{"self":[{"href":"https:\/\/www.olinews.it\/mt\/index.php?rest_route=\/wp\/v2\/posts\/326","targetHints":{"allow":["GET"]}}],"collection":[{"href":"https:\/\/www.olinews.it\/mt\/index.php?rest_route=\/wp\/v2\/posts"}],"about":[{"href":"https:\/\/www.olinews.it\/mt\/index.php?rest_route=\/wp\/v2\/types\/post"}],"author":[{"embeddable":true,"href":"https:\/\/www.olinews.it\/mt\/index.php?rest_route=\/wp\/v2\/users\/1"}],"replies":[{"embeddable":true,"href":"https:\/\/www.olinews.it\/mt\/index.php?rest_route=%2Fwp%2Fv2%2Fcomments&post=326"}],"version-history":[{"count":0,"href":"https:\/\/www.olinews.it\/mt\/index.php?rest_route=\/wp\/v2\/posts\/326\/revisions"}],"wp:attachment":[{"href":"https:\/\/www.olinews.it\/mt\/index.php?rest_route=%2Fwp%2Fv2%2Fmedia&parent=326"}],"wp:term":[{"taxonomy":"category","embeddable":true,"href":"https:\/\/www.olinews.it\/mt\/index.php?rest_route=%2Fwp%2Fv2%2Fcategories&post=326"},{"taxonomy":"post_tag","embeddable":true,"href":"https:\/\/www.olinews.it\/mt\/index.php?rest_route=%2Fwp%2Fv2%2Ftags&post=326"}],"curies":[{"name":"wp","href":"https:\/\/api.w.org\/{rel}","templated":true}]}}