{"id":3272,"date":"2011-12-13T17:42:00","date_gmt":"2011-12-13T16:42:00","guid":{"rendered":"http:\/\/www.olinews.it\/mt\/?p=3272"},"modified":"2011-12-13T17:42:00","modified_gmt":"2011-12-13T16:42:00","slug":"oli-324-manovra-tempi-di-sacrifici-in-regione","status":"publish","type":"post","link":"https:\/\/www.olinews.it\/mt\/?p=3272","title":{"rendered":"OLI 324: MANOVRA &#8211; Tempi di sacrifici in Regione"},"content":{"rendered":"<p>Dall\u2019alto della sua possanza l\u2019ex preside di liceo ora rappresentante dell\u2019Idv in Regione Liguria, ha tuonato contro gli sprechi prendendosela con i troppi e costosi sei assessori esterni. Come dargli torto se si pensa quanto incassano i suddetti, che manco sono stati eletti e che per un gioco di appoggi politici sono stati chiamati a ricoprire l\u2019incarico: in un valzer di deleghe assessori alla sinistra, al listino, agli indipendenti via via si sono riempite caselle, lasciando a bocca asciutta chi ci ha messo a suo dire, faccia e risorse.<br \/>Ecco allora che, richiamandosi ai tagli sui costi della politica, l\u2019ex preside e collega con una lettera a <i>Il Secolo XIX<\/i> del 6 dicembre,  hanno invitato il presidente di Regione a pescare assessori  tra gli eletti, ridistribuendo deleghe e diminuendo il numero.  &#8211; Un bel risparmio -, scrivono &#8211; di quasi due milioni di euro -.  Da applausi, bravi.<br \/>I due si sono dimenticati di evidenziare che i tagli alla regione Liguria proclamati in un battibaleno scatteranno  per\u00f2 dalla prossima legislatura, non si pu\u00f2 cambiare d\u2019ambl\u00e8 uno statuto: dunque, voglia di assessorato o malumori di maggioranza?<br \/>Non tutti sanno che un assessore regionale prende  dai 120 ai 130 mila euro \u201cnetti\u201d all\u2019anno di stipendio  se abita pi\u00f9 o meno vicino al capoluogo, (<i>Il Secolo XIX<\/i>, 4.12.2011) ma quelli esterni, poverelli, non ricevono neppure  il vitalizio (e nemmeno subiscono trattenute), mentre un consigliere prende un paio di migliaia di euro in meno  al mese e niente benefit per staff e spese varie.<br \/>D\u2019altronde  all\u2019ex preside,considerato dai colleghi &#8220;l\u2019assessore migliore alla cultura che si sarebbe potuto avere&#8221;, sempre  cos\u00ec preoccupato per  scuola e istruzione sar\u00e0 sfuggito che quest\u2019anno riceveranno la borsa di studio soltanto 1756 studenti su 3697 che ne avevano fatto richiesta.<br \/>Escluse totalmente le matricole, si garantir\u00e0 chi ha gi\u00e0 iniziato gli studi perch\u00e9 come spiega l\u2019Arssu, Agenzia regionale servizi scolastici, i fondi sono cos\u00ec  ridotti che invece di dare poco a tutti si \u00e8 deciso di dire no a chi comincia ora. I \u201cfortunati\u201d avranno il 50% subito e il resto a giugno, che potrebbe essere  ancora decurtato, se come pare il contributo nazionale sar\u00e0 tagliato di altri 250 mila euro. Gli studenti rimasti fuori con basso reddito accertato  avranno agevolazioni su tasse, mensa e alloggi.<br \/>Magari non si potr\u00e0 fare, per\u00f2 ad averlo saputo forse l\u2019ex preside avrebbe potuto proporre di dirottare il bel risparmio degli assessori sulle borse di studio per gli studenti universitari. Ma la notizia \u00e8 comparsa il 7 dicembre, il giorno dopo la pubblicazione della sua lettera,  su <i>Il Secolo XIX di Spezia e Savona<\/i>: probabilmente non legge le edizioni locali.<br \/><b>(<i>Bianca Vergati<\/i>)<\/b><\/p>\n","protected":false},"excerpt":{"rendered":"<p>Dall\u2019alto della sua possanza l\u2019ex preside di liceo ora rappresentante dell\u2019Idv in Regione Liguria, ha tuonato contro gli sprechi prendendosela con i troppi e costosi sei assessori esterni. Come dargli torto se si pensa quanto incassano i suddetti, che manco sono stati eletti e che per un gioco di appoggi politici sono stati chiamati a [&hellip;]<\/p>\n","protected":false},"author":1,"featured_media":0,"comment_status":"closed","ping_status":"closed","sticky":false,"template":"","format":"standard","meta":{"footnotes":""},"categories":[294,2006],"tags":[],"class_list":["post-3272","post","type-post","status-publish","format-standard","hentry","category-bianca-vergati","category-oli-314"],"_links":{"self":[{"href":"https:\/\/www.olinews.it\/mt\/index.php?rest_route=\/wp\/v2\/posts\/3272","targetHints":{"allow":["GET"]}}],"collection":[{"href":"https:\/\/www.olinews.it\/mt\/index.php?rest_route=\/wp\/v2\/posts"}],"about":[{"href":"https:\/\/www.olinews.it\/mt\/index.php?rest_route=\/wp\/v2\/types\/post"}],"author":[{"embeddable":true,"href":"https:\/\/www.olinews.it\/mt\/index.php?rest_route=\/wp\/v2\/users\/1"}],"replies":[{"embeddable":true,"href":"https:\/\/www.olinews.it\/mt\/index.php?rest_route=%2Fwp%2Fv2%2Fcomments&post=3272"}],"version-history":[{"count":0,"href":"https:\/\/www.olinews.it\/mt\/index.php?rest_route=\/wp\/v2\/posts\/3272\/revisions"}],"wp:attachment":[{"href":"https:\/\/www.olinews.it\/mt\/index.php?rest_route=%2Fwp%2Fv2%2Fmedia&parent=3272"}],"wp:term":[{"taxonomy":"category","embeddable":true,"href":"https:\/\/www.olinews.it\/mt\/index.php?rest_route=%2Fwp%2Fv2%2Fcategories&post=3272"},{"taxonomy":"post_tag","embeddable":true,"href":"https:\/\/www.olinews.it\/mt\/index.php?rest_route=%2Fwp%2Fv2%2Ftags&post=3272"}],"curies":[{"name":"wp","href":"https:\/\/api.w.org\/{rel}","templated":true}]}}