{"id":3273,"date":"2011-12-13T17:36:00","date_gmt":"2011-12-13T16:36:00","guid":{"rendered":"http:\/\/www.olinews.it\/mt\/?p=3273"},"modified":"2011-12-13T17:36:00","modified_gmt":"2011-12-13T16:36:00","slug":"oli-324-trasporti-visitiamo-leuropa-facciamoci-del-male","status":"publish","type":"post","link":"https:\/\/www.olinews.it\/mt\/?p=3273","title":{"rendered":"OLI 324: TRASPORTI \u2013 Visitiamo l\u2019Europa, facciamoci del male"},"content":{"rendered":"<div style=\"clear: both; text-align: center;\"><a href=\"http:\/\/2.bp.blogspot.com\/-q-xWxJ6WD9E\/TucvtmvyNjI\/AAAAAAAAApY\/_3ccM1wUz6U\/s1600\/vienna1.jpg\" style=\"clear: left; float: left; margin-bottom: 1em; margin-right: 1em;\"><img loading=\"lazy\" decoding=\"async\" border=\"0\" height=\"245\" src=\"http:\/\/2.bp.blogspot.com\/-q-xWxJ6WD9E\/TucvtmvyNjI\/AAAAAAAAApY\/_3ccM1wUz6U\/s400\/vienna1.jpg\" width=\"400\" \/><\/a><\/div>\n<p>In questi mesi passati ci siamo esercitati a farvi invidiare le delizie  tramviarie, di superficie o sotterranee, di Copenhagen (<a href=\"http:\/\/www.olinews.info\/2011\/10\/oli-314-trasporti-copenhagen-o-della.html\">Oli 314<\/a>), Zurigo (<a href=\"http:\/\/www.olinews.info\/2011\/01\/oli-286-parole-degli-occhi-foto.html\">Oli 286<\/a>), Berlino (<a href=\"http:\/\/www.olinews.info\/2010\/12\/oli-282-trasporti-amt-versus-bvg.html\">Oli 282<\/a>). In tutti i casi efficienza estrema,  tempi d\u2019attesa da sogno, ma tariffe (un po\u2019) pi\u00f9 care delle nostre.<br \/>Ora, tanto per girare il coltello nella piaga, aggiungiamo un altro tassello al nostro giro per i sistemi di trasporto urbano in Europa, presentandovi Vienna, dove non solo tutto viaggia che \u00e8 una meraviglia, ma pu\u00f2 anche essere pi\u00f9 economico che a Genova.<\/p>\n<div style=\"clear: both; text-align: center;\"><a href=\"http:\/\/3.bp.blogspot.com\/-mvl9KX9osAg\/TucwBnEyF7I\/AAAAAAAAApg\/47XkKZ7QGXw\/s1600\/Olivienna4.jpg\" style=\"clear: right; float: right; margin-bottom: 1em; margin-left: 1em;\"><img loading=\"lazy\" decoding=\"async\" border=\"0\" height=\"400\" src=\"http:\/\/3.bp.blogspot.com\/-mvl9KX9osAg\/TucwBnEyF7I\/AAAAAAAAApg\/47XkKZ7QGXw\/s400\/Olivienna4.jpg\" width=\"267\" \/><\/a><\/div>\n<p>Infatti, se la corsa singola costa di pi\u00f9 (1.90 \u20ac, ma \u00e8 previsto il biglietto a met\u00e0 prezzo per brevissimi tragitti), man mano che il periodo di utilizzo si allunga, i costi finiscono per scendere sotto a quelli genovesi: la tessera settimanale costa infatti 14 \u20ac, anzich\u00e9 i nostri 16. Tutto gentilmente spiegato anche in italiano.<br \/>Cosicch\u00e9 praticamente nessuno usa i biglietti singoli (in quattro giorni mai visto timbrare un biglietto all\u2019ingresso di tram e metropolitana) e tutti vanno e vengono con i loro tesserini di varia durata: tutti viaggiatori \u201cabituali\u201d, in quanto viaggiatori \u201cfelici\u201d, dato che  aspetteranno una manciata di minuti il mezzo che li porter\u00e0 in giro per Vienna notte e giorno, dalle 5 del mattino a mezzanotte. Tempo massimo d&#8217;attesa dai 3 ai 5 minuti, che si allungano a 7 (!) tra le cinque e le cinque e mezza del mattino e dopo le 21, ed addirittura a 10 (!!) dopo le undici di sera. Nel week end si viaggia  tutta la notte, con attesa massima di 15 minuti dall&#8217;una alle quattro del mattino.<\/p>\n<div style=\"clear: both; text-align: center;\"><a href=\"http:\/\/3.bp.blogspot.com\/-JCpiBmUdJ8c\/Tuc1aYhHPOI\/AAAAAAAAApw\/NO5jdCZEFAc\/s1600\/Olivienna2.jpg\" style=\"clear: left; float: left; margin-bottom: 1em; margin-right: 1em;\"><img loading=\"lazy\" decoding=\"async\" border=\"0\" height=\"640\" src=\"http:\/\/3.bp.blogspot.com\/-JCpiBmUdJ8c\/Tuc1aYhHPOI\/AAAAAAAAApw\/NO5jdCZEFAc\/s640\/Olivienna2.jpg\" width=\"424\" \/><\/a><\/div>\n<p>Naturalmente tutti i mezzi aprono le porte allo stesso livello del marciapiede, per cui entrano ed escono agevolmente carrozzine per bambini e invalidi, e non manca il tocco del politicamente corretto: le immagini che suggeriscono di lasciare il posto a persone con pi\u00f9 difficolt\u00e0 alternano i sessi: in una sequenza \u00e8 la mamma che tiene in braccio il bambino, in un\u2019altra il babbo; una volta c\u2019\u00e8 un vecchietto, un\u2019altra una vecchietta. Solo la persona incinta \u00e8 sempre una donna \u2026<br \/>Tutto viene da lontano? Altroch\u00e9. A Vienna hanno iniziato a costruire la metropolitana nel 1898, l\u2019hanno elettrificata nel 1928, ma poi \u00e8 stata interamente distrutta durante la guerra.<br \/>Cos\u00ec la riapertura della metropolitana moderna \u00e8 del 1976, a cui \u00e8 seguito un continuo ampliamento, tutt\u2019ora in corso.  Anche la rete tramviaria di superficie \u00e8 stata distrutta durante la guerra, ma la ricostruzione \u00e8 partita subito, nel 1950.<br \/>Noi questo \u201clontano\u201d non ce lo abbiamo.<br \/>Al suo posto, giunta dopo giunta, ci siamo fabbricati un presente di alti costi, disservizio, progetti di lentissima attuazione (metropolitana), e altri che non riescono ad iniziare (tram), e ora, giunti alla grande crisi, \u00e8 davvero difficile uscirne, con buona pace di tutti.<br \/><b>(<i>Paola Pierantoni \u2013 foto dell\u2019autrice<\/i>)<\/b><\/p>\n","protected":false},"excerpt":{"rendered":"<p>In questi mesi passati ci siamo esercitati a farvi invidiare le delizie tramviarie, di superficie o sotterranee, di Copenhagen (Oli 314), Zurigo (Oli 286), Berlino (Oli 282). In tutti i casi efficienza estrema, tempi d\u2019attesa da sogno, ma tariffe (un po\u2019) pi\u00f9 care delle nostre.Ora, tanto per girare il coltello nella piaga, aggiungiamo un altro [&hellip;]<\/p>\n","protected":false},"author":1,"featured_media":0,"comment_status":"closed","ping_status":"closed","sticky":false,"template":"","format":"standard","meta":{"footnotes":""},"categories":[775,20,306,1999,345,14,2007],"tags":[],"class_list":["post-3273","post","type-post","status-publish","format-standard","hentry","category-amt","category-citta","category-genova","category-oli-324","category-paola-pierantoni","category-trasporti","category-vienna-ring-tram"],"_links":{"self":[{"href":"https:\/\/www.olinews.it\/mt\/index.php?rest_route=\/wp\/v2\/posts\/3273","targetHints":{"allow":["GET"]}}],"collection":[{"href":"https:\/\/www.olinews.it\/mt\/index.php?rest_route=\/wp\/v2\/posts"}],"about":[{"href":"https:\/\/www.olinews.it\/mt\/index.php?rest_route=\/wp\/v2\/types\/post"}],"author":[{"embeddable":true,"href":"https:\/\/www.olinews.it\/mt\/index.php?rest_route=\/wp\/v2\/users\/1"}],"replies":[{"embeddable":true,"href":"https:\/\/www.olinews.it\/mt\/index.php?rest_route=%2Fwp%2Fv2%2Fcomments&post=3273"}],"version-history":[{"count":0,"href":"https:\/\/www.olinews.it\/mt\/index.php?rest_route=\/wp\/v2\/posts\/3273\/revisions"}],"wp:attachment":[{"href":"https:\/\/www.olinews.it\/mt\/index.php?rest_route=%2Fwp%2Fv2%2Fmedia&parent=3273"}],"wp:term":[{"taxonomy":"category","embeddable":true,"href":"https:\/\/www.olinews.it\/mt\/index.php?rest_route=%2Fwp%2Fv2%2Fcategories&post=3273"},{"taxonomy":"post_tag","embeddable":true,"href":"https:\/\/www.olinews.it\/mt\/index.php?rest_route=%2Fwp%2Fv2%2Ftags&post=3273"}],"curies":[{"name":"wp","href":"https:\/\/api.w.org\/{rel}","templated":true}]}}