{"id":328,"date":"2005-03-09T22:56:06","date_gmt":"2005-03-09T22:56:06","guid":{"rendered":"http:\/\/www.comevedonoidaltonici.com\/wordpress\/?p=328"},"modified":"2005-03-09T22:56:06","modified_gmt":"2005-03-09T22:56:06","slug":"terre-des-hommes-la-guerra-preventiva-anche-contro-le-ong","status":"publish","type":"post","link":"https:\/\/www.olinews.it\/mt\/?p=328","title":{"rendered":"<i>Terre des hommes<\/i>. La guerra preventiva anche contro le ONG"},"content":{"rendered":"<p><em>Promosso dal Centro per l&#8217;Educazione ai Diritti Umani, il 4 marzo a via Balbi 2 (Facolt\u00e0 di Lettere e Filosofia), \u00e8 iniziato il corso interfacolt\u00e0 &#8220;Media e diritti umani: lettura critica dell&#8217;informazione&#8221;.<br \/>\nIntrodotto da Marcello Zinola, segretario dell&#8217;associazione ligure dei giornalisti, tra gli altri relatori, era presente Raffaele K. Salinari, presidente federazione internazionale Terre des Hommes, che ci ha inviato il seguente contributo:<\/em> <br \/>\nLo scenario internazionale apertosi dopo l\u201911 settembre restringe oggettivamente gli spazi di manovra per le Ong che intendono ancora praticare con coerenza le regole dell\u2019aiuto umanitario indipendente. I perch\u00e9 si situano a diversi livelli, tutti intrecciati e tutti riconducibili al minimo comune denominatore di una \u201cguerra tra civilt\u00e0\u201d che sembra essere oggi lo scenario pi\u00f9 probabile tra quelli che i poteri forti realmente operanti coltivano e promuovono.<\/p>\n<p><!--more--><br \/>\nL\u2019aiuto umanitario \u00e8, per sua intima natura, indipendente e legato alle regole del diritto internazionale che, dalla convenzione di Ginevra in avanti, ne hanno sino ad ora dettato le condizioni. Non discriminazione, immediatezza, indipendenza da ogni logica politico-militare, piena agibilit\u00e0 in ogni occasione, sono tra le caratteristiche salienti di quello che, almeno sino alla guerra del Kossovo, si intendeva per aiuto umanitario. Ora \u00e8 proprio questo quadro di coerenze giuridiche internazionali che viene ad essere stravolto dalla \u201cguerra umanitaria\u201d in Kossovo in poi, sino ad arrivare ad una totale anomia con la guerra in Afganistan ed ancor pi\u00f9 con l\u2019invasione dell\u2019Iraq.<br \/>\nNon \u00e8 quindi tanto e solo la commistione tra umanitario e militare, gia ampiamente sufficiente a snaturare in profondit\u00e0 l\u2019essenza dell\u2019aiuto umanitario indipendente, che corrode e svilisce il senso profondo di queste pratiche quanto, e forse ancor pi\u00f9 per la sua \u201ctenuta\u201d futura, l\u2019azzeramento di quelle regole internazionali che ne facevano uno strumento chiaro e non partigiano, testimonianza di una universalit\u00e0 che la pratica corrente della \u201cguerra permanente totale\u201d contro il terrorismo vuole negare alla radice. In realt\u00e0 quindi il cancro che corrode l\u2019aiuto umanitario oggi \u00e8 lo stesso che attacca le fondamenta dell\u2019Onu e del Diritto internazionale, al di fuori del quale non c\u2019\u00e8 vita autonoma per l\u2019aiuto umanitario indipendente e quindi per le stesse Ong che lo praticano.<br \/>\nE\u2019 chiaro a questo punto che la posta in gioco tra le due fazioni che oggi si contendono il dominio del mondo, con mezzi speculari ma identiche finalit\u00e0 egemoniche, \u00e8 proprio la democrazia insita nelle regole condivise, la terziet\u00e0 di coloro i quali lottano affinch\u00e9 i Diritti umani rappresentano la cornice politica all\u2019interno della quale inscrivere il futuro dell\u2019umanit\u00e0. Per questo oggi, battersi per un mondo di pace \u00e8 l\u2019impegno primo per difendere un\u2019idea di aiuto umanitario non solo efficace, e realmente indipendente, ma altres\u00ec democratico.<br \/>\n<em>(Raffaele K. Salinari )<\/em><\/p>\n","protected":false},"excerpt":{"rendered":"<p>Newsletter n. 49<\/p>\n","protected":false},"author":1,"featured_media":0,"comment_status":"open","ping_status":"closed","sticky":false,"template":"","format":"standard","meta":{"footnotes":""},"categories":[51,11],"tags":[],"class_list":["post-328","post","type-post","status-publish","format-standard","hentry","category-51","category-diritti-umani"],"_links":{"self":[{"href":"https:\/\/www.olinews.it\/mt\/index.php?rest_route=\/wp\/v2\/posts\/328","targetHints":{"allow":["GET"]}}],"collection":[{"href":"https:\/\/www.olinews.it\/mt\/index.php?rest_route=\/wp\/v2\/posts"}],"about":[{"href":"https:\/\/www.olinews.it\/mt\/index.php?rest_route=\/wp\/v2\/types\/post"}],"author":[{"embeddable":true,"href":"https:\/\/www.olinews.it\/mt\/index.php?rest_route=\/wp\/v2\/users\/1"}],"replies":[{"embeddable":true,"href":"https:\/\/www.olinews.it\/mt\/index.php?rest_route=%2Fwp%2Fv2%2Fcomments&post=328"}],"version-history":[{"count":0,"href":"https:\/\/www.olinews.it\/mt\/index.php?rest_route=\/wp\/v2\/posts\/328\/revisions"}],"wp:attachment":[{"href":"https:\/\/www.olinews.it\/mt\/index.php?rest_route=%2Fwp%2Fv2%2Fmedia&parent=328"}],"wp:term":[{"taxonomy":"category","embeddable":true,"href":"https:\/\/www.olinews.it\/mt\/index.php?rest_route=%2Fwp%2Fv2%2Fcategories&post=328"},{"taxonomy":"post_tag","embeddable":true,"href":"https:\/\/www.olinews.it\/mt\/index.php?rest_route=%2Fwp%2Fv2%2Ftags&post=328"}],"curies":[{"name":"wp","href":"https:\/\/api.w.org\/{rel}","templated":true}]}}