{"id":3280,"date":"2011-12-06T16:56:00","date_gmt":"2011-12-06T15:56:00","guid":{"rendered":"http:\/\/www.olinews.it\/mt\/?p=3280"},"modified":"2011-12-06T16:56:00","modified_gmt":"2011-12-06T15:56:00","slug":"oli-323-pensioni-chi-calcola-lincalcolabile","status":"publish","type":"post","link":"https:\/\/www.olinews.it\/mt\/?p=3280","title":{"rendered":"OLI 323: PENSIONI &#8211; Chi calcola l&#8217;incalcolabile?"},"content":{"rendered":"<div style=\"clear: both; text-align: center;\"><a href=\"http:\/\/3.bp.blogspot.com\/-oSQpOcOKFbw\/Tt4GmdSIv6I\/AAAAAAAAAow\/XYi5U4wvlxg\/s1600\/panchina_porto.jpg\" style=\"clear: left; float: left; margin-bottom: 1em; margin-right: 1em;\"><img decoding=\"async\" border=\"0\" height=\"200px\" src=\"http:\/\/3.bp.blogspot.com\/-oSQpOcOKFbw\/Tt4GmdSIv6I\/AAAAAAAAAow\/XYi5U4wvlxg\/s200\/panchina_porto.jpg\" width=\"200px\" \/><\/a><\/div>\n<p>Eravamo sotto di due anni e mezzo rispetto alla media europea dell\u2019et\u00e0 di pensionamento.<br \/>Da luned\u00ec la soglia \u00e8 stata varcata e siamo pienamente entrati nella corrente che trascina sempre pi\u00f9 avanti l\u2019et\u00e0 in cui si pu\u00f2 lasciare il lavoro, riducendo l\u2019entit\u00e0 dei trattamenti pensionistici. Strada obbligata, si afferma, a causa dell\u2019allungamento della vita e del faticoso ingresso delle persone giovani in un lavoro pienamente retribuito e \u201ccontribuito\u201d.<br \/>Il governo Monti ha compiuto il salto in modo talmente secco da togliere il fiato. Tanto che lo stesso Alberto Brambilla &#8211; presidente del Nucleo di Valutazione della spesa previdenziale del Ministero del Lavoro \u2013 intervenendo marted\u00ec 6 dicembre alla trasmissione \u201cTutta la citt\u00e0 ne parla\u201d su <i>Radio 3<\/i>, dopo aver sostenuto che l&#8217;aggancio del pensionamento alla cosiddetta \u201csperanza di vita\u201d \u00e8 necessario, ha affermato che il salto \u00e8 stato troppo brusco, tale da sconvolgere le prospettive esistenziali di molte persone.<br \/>Che si viva pi\u00f9 a lungo \u00e8 un dato di realt\u00e0.<br \/>La realt\u00e0 per\u00f2 \u00e8 fatta anche di aspetti apparentemente incalcolabili, della cui concretezza e importanza ci si accorge dolorosamente solo dopo decenni, quando il danno \u00e8 irreversibile, o chiede immensi costi di recupero.<br \/>Come quando una comunit\u00e0 si trova a dover investire miliardi per il recupero di un\u2019area imbottita di inquinamenti nocivi abbandonata dopo anni di irresponsabile sfruttamento: quale \u00e8, calcolandolo dall\u2019inizio alla fine, il bilancio economico complessivo per la collettivit\u00e0?<br \/>L\u2019apparentemente \u201cincalcolabile\u201d dell\u2019aumento dell\u2019et\u00e0 del pensionamento \u00e8 legato alla domanda: ma cosa fanno oggi le persone che in et\u00e0 ancora vitale sia intellettualmente che fisicamente, si trovano libere dall\u2019impegno quotidiano del lavoro retribuito? Se ne stanno a guardare la televisione e i lavori stradali, o fanno qualcosa che ci serve?<br \/>Per l\u2019esperienza che ho, grande parte delle persone svolgono un lavoro meno qualificato delle proprie potenzialit\u00e0 e competenze, o comunque un lavoro che utilizza solo una parte molto delimitata e circoscritta della propria creativit\u00e0.<br \/>La liberazione del proprio tempo riapre i giochi, a vantaggio di tutti.<br \/>Io vedo donne e uomini in pensione che fanno gratuitamente cose straordinarie, nella cultura, nell\u2019intervento sociale, nell\u2019espressione artistica.<br \/>Se le persone lasceranno il lavoro pi\u00f9 vecchie, pi\u00f9 stanche, pi\u00f9 malate tutto questo andr\u00e0 perduto. Quanto costa questa perdita? Qualcuno lo ha calcolato?<br \/>Chiss\u00e0 poi se qualcuno ha calcolato l\u2019altra conseguenza dell\u2019aumento della speranza di vita: l\u2019aumento degli anziani anzianissimi, quelli per i quali la promessa di una vita pi\u00f9 lunga \u00e8 stata largamente mantenuta, ma non quella &#8211; su cui si glissa &#8211; dell\u2019auto sufficienza e di una salute splendida fino ad un istante, ma proprio un istante, prima di morire. Quanta parte hanno i pensionati &#8211; soprattutto le donne &#8211; nell&#8217;assistenza a queste persone? Se li teniamo al lavoro fintanto che anche loro inizieranno ad avere dei problemi, che si fa?<br \/><b>(<i>Paola Pierantoni &#8211; disegno di Guido Rosato<\/i>)<\/b><\/p>\n","protected":false},"excerpt":{"rendered":"<p>Eravamo sotto di due anni e mezzo rispetto alla media europea dell\u2019et\u00e0 di pensionamento.Da luned\u00ec la soglia \u00e8 stata varcata e siamo pienamente entrati nella corrente che trascina sempre pi\u00f9 avanti l\u2019et\u00e0 in cui si pu\u00f2 lasciare il lavoro, riducendo l\u2019entit\u00e0 dei trattamenti pensionistici. Strada obbligata, si afferma, a causa dell\u2019allungamento della vita e del [&hellip;]<\/p>\n","protected":false},"author":1,"featured_media":0,"comment_status":"closed","ping_status":"closed","sticky":false,"template":"","format":"standard","meta":{"footnotes":""},"categories":[392,2004,345,1995,10,577],"tags":[],"class_list":["post-3280","post","type-post","status-publish","format-standard","hentry","category-guido-rosato","category-monti","category-paola-pierantoni","category-pensioni","category-politica","category-societa"],"_links":{"self":[{"href":"https:\/\/www.olinews.it\/mt\/index.php?rest_route=\/wp\/v2\/posts\/3280","targetHints":{"allow":["GET"]}}],"collection":[{"href":"https:\/\/www.olinews.it\/mt\/index.php?rest_route=\/wp\/v2\/posts"}],"about":[{"href":"https:\/\/www.olinews.it\/mt\/index.php?rest_route=\/wp\/v2\/types\/post"}],"author":[{"embeddable":true,"href":"https:\/\/www.olinews.it\/mt\/index.php?rest_route=\/wp\/v2\/users\/1"}],"replies":[{"embeddable":true,"href":"https:\/\/www.olinews.it\/mt\/index.php?rest_route=%2Fwp%2Fv2%2Fcomments&post=3280"}],"version-history":[{"count":0,"href":"https:\/\/www.olinews.it\/mt\/index.php?rest_route=\/wp\/v2\/posts\/3280\/revisions"}],"wp:attachment":[{"href":"https:\/\/www.olinews.it\/mt\/index.php?rest_route=%2Fwp%2Fv2%2Fmedia&parent=3280"}],"wp:term":[{"taxonomy":"category","embeddable":true,"href":"https:\/\/www.olinews.it\/mt\/index.php?rest_route=%2Fwp%2Fv2%2Fcategories&post=3280"},{"taxonomy":"post_tag","embeddable":true,"href":"https:\/\/www.olinews.it\/mt\/index.php?rest_route=%2Fwp%2Fv2%2Ftags&post=3280"}],"curies":[{"name":"wp","href":"https:\/\/api.w.org\/{rel}","templated":true}]}}