{"id":3301,"date":"2011-11-22T18:26:00","date_gmt":"2011-11-22T17:26:00","guid":{"rendered":"http:\/\/www.olinews.it\/mt\/?p=3301"},"modified":"2011-11-22T18:26:00","modified_gmt":"2011-11-22T17:26:00","slug":"oli-321-citta-il-terzo-settore-giovedi-24-novembre-in-piazza","status":"publish","type":"post","link":"https:\/\/www.olinews.it\/mt\/?p=3301","title":{"rendered":"OLI 321: CITTA&#8217; &#8211; Il terzo settore gioved\u00ec 24 novembre in piazza"},"content":{"rendered":"<p><i>Riceviamo e volentieri pubblichiamo:<\/i><\/p>\n<p>Il Forum regionale e provinciale del Terzo Settore, rappresentante delle organizzazioni senza fini di lucro operanti nei servizi di assistenza, invita la cittadinanza a partecipare alla manifestazione che si svolger\u00e0 nel pomeriggio di gioved\u00ec 24 novembre in Piazza De Ferrari.<br \/>Lo scopo \u00e8 quello di difendere i Servizi Pubblici dai tagli feroci che il Governo Berlusconi ha inflitto alla spesa sociale, alle Regioni e ai Comuni.<br \/>Con questi tagli si colpiscono le persone della nostra citt\u00e0 che hanno pi\u00f9 bisogno di aiuto &#8211; poveri, disabili e anziani, giovani e bambini in gravi difficolt\u00e0 &#8211; e si colpiscono anche i lavoratori che se ne occupano.<br \/>Migliaia di genovesi resteranno senza assistenza, centinaia di operatori perderanno il lavoro.<br \/>La manifestazione vuole allora fare sentire la loro e la nostra voce verso il Comune e la Regione, ma soprattutto verso il Governo.<\/p>\n<table cellpadding=\"0\" cellspacing=\"0\" style=\"float: left; margin-right: 1em; text-align: left;\">\n<tbody>\n<tr>\n<td style=\"text-align: center;\"><a href=\"http:\/\/1.bp.blogspot.com\/-LyQ3Jbz7teg\/TsuUgyy0KBI\/AAAAAAAAAmo\/vW5yduoQBt8\/s1600\/2010_11_Nov_manifestazione+042.jpg\" style=\"clear: left; margin-bottom: 1em; margin-left: auto; margin-right: auto;\"><img loading=\"lazy\" decoding=\"async\" border=\"0\" height=\"267\" src=\"http:\/\/1.bp.blogspot.com\/-LyQ3Jbz7teg\/TsuUgyy0KBI\/AAAAAAAAAmo\/vW5yduoQBt8\/s400\/2010_11_Nov_manifestazione+042.jpg\" width=\"400\" \/><\/a><\/td>\n<\/tr>\n<tr>\n<td style=\"text-align: center;\">La manifestazione del 4 novembre 2011. Vedi <a href=\"http:\/\/www.olinews.info\/2010\/10\/oli-275-politica-il-4-novembre-si.html\">OLI 275<\/a> e <a href=\"http:\/\/www.olinews.info\/2010\/11\/oli-277-parole-degli-occhi-la-bella.html\">OLI 277<\/a><\/td>\n<\/tr>\n<\/tbody>\n<\/table>\n<p>Il Circolo Oltre il giardino, che ha promosso a Genova il 4 novembre dello scorso anno una manifestazione con la stessa finalit\u00e0, appoggia il Forum del Terzo Settore e chiede a coloro che hanno risposto all&#8217;appello del 2010 di scendere in piazza anche questa volta.<br \/>Lo scorso anno il Comune e la Regione disponevano ancora delle risorse sufficienti per non chiudere i Servizi, ma nel 2012 se non cambieranno le scelte del Governo non saranno pi\u00f9 in grado di farlo, nonostante la buona volont\u00e0 che hanno fino ad ora dimostrato.<br \/>La mobilitazione del 2010 aveva impegnato il Comune a ricostruire i servizi genovesi in base alle proposte della rete di persone e organizzazioni che vi avevano aderito, sottoscrivendo un nuovo patto di cittadinanza. Le proposte, nella forma di 100 Tesi per rinnovare i Servizi Sociali, sono state <br \/>consegnate al Comune nel mese di giugno. Molte delle indicazioni che vi sono contenute richiedono impegni che le ultime decisioni del Governo Berlusconi rendono indispensabili.<br \/>Il Circolo propone al Comune, alla Regione e al Terzo Settore di approfondire una proposta  avanzata anche dallo stesso Comune di Genova. Se essa venisse realizzata potrebbe ancora una volta mantenere in vita la maggior parte dei servizi genovesi nonostante la gravit\u00e0 e l&#8217;emergenza della situazione  attuale.<br \/>Si tratta di:<br \/>&#8211; concentrare le risorse comunali a favore dei servizi per i minori in<br \/>difficolt\u00e0 e per le povert\u00e0 estreme e<br \/>&#8211; di coordinare le risorse della Regione, dell&#8217;ASL 3, della Provincia,  dello stesso Comune, in accordo con i sindacati, la cooperazione, il volontariato, l&#8217;associazionismo, le Fondazioni e in primo luogo le stesse famiglie, per estendere l&#8217;assistenza domiciliare per tutti coloro che ne hanno bisogno.<br \/>Il Circolo si mette a disposizione per contribuire a rendere praticabile questa proposta e invita le parti interessate ad essere finalmente capaci di agire insieme, non solo per superare questo momento di grande difficolt\u00e0 ma anche per costruire un sistema di servizi migliore di quello che abbiamo  fino ad ora sperimentato.<br \/><b>(<i>Il Circolo Oltre il giardino<\/i>)<\/b><\/p>\n","protected":false},"excerpt":{"rendered":"<p>Riceviamo e volentieri pubblichiamo: Il Forum regionale e provinciale del Terzo Settore, rappresentante delle organizzazioni senza fini di lucro operanti nei servizi di assistenza, invita la cittadinanza a partecipare alla manifestazione che si svolger\u00e0 nel pomeriggio di gioved\u00ec 24 novembre in Piazza De Ferrari.Lo scopo \u00e8 quello di difendere i Servizi Pubblici dai tagli feroci [&hellip;]<\/p>\n","protected":false},"author":1,"featured_media":0,"comment_status":"closed","ping_status":"closed","sticky":false,"template":"","format":"standard","meta":{"footnotes":""},"categories":[2035,20,644,306,2036,577,1232],"tags":[],"class_list":["post-3301","post","type-post","status-publish","format-standard","hentry","category-assistenza","category-citta","category-diritti","category-genova","category-oli-321","category-societa","category-terzo-settore"],"_links":{"self":[{"href":"https:\/\/www.olinews.it\/mt\/index.php?rest_route=\/wp\/v2\/posts\/3301","targetHints":{"allow":["GET"]}}],"collection":[{"href":"https:\/\/www.olinews.it\/mt\/index.php?rest_route=\/wp\/v2\/posts"}],"about":[{"href":"https:\/\/www.olinews.it\/mt\/index.php?rest_route=\/wp\/v2\/types\/post"}],"author":[{"embeddable":true,"href":"https:\/\/www.olinews.it\/mt\/index.php?rest_route=\/wp\/v2\/users\/1"}],"replies":[{"embeddable":true,"href":"https:\/\/www.olinews.it\/mt\/index.php?rest_route=%2Fwp%2Fv2%2Fcomments&post=3301"}],"version-history":[{"count":0,"href":"https:\/\/www.olinews.it\/mt\/index.php?rest_route=\/wp\/v2\/posts\/3301\/revisions"}],"wp:attachment":[{"href":"https:\/\/www.olinews.it\/mt\/index.php?rest_route=%2Fwp%2Fv2%2Fmedia&parent=3301"}],"wp:term":[{"taxonomy":"category","embeddable":true,"href":"https:\/\/www.olinews.it\/mt\/index.php?rest_route=%2Fwp%2Fv2%2Fcategories&post=3301"},{"taxonomy":"post_tag","embeddable":true,"href":"https:\/\/www.olinews.it\/mt\/index.php?rest_route=%2Fwp%2Fv2%2Ftags&post=3301"}],"curies":[{"name":"wp","href":"https:\/\/api.w.org\/{rel}","templated":true}]}}