{"id":3321,"date":"2011-11-15T18:20:00","date_gmt":"2011-11-15T17:20:00","guid":{"rendered":"http:\/\/www.olinews.it\/mt\/?p=3321"},"modified":"2011-11-15T18:20:00","modified_gmt":"2011-11-15T17:20:00","slug":"oli-320-lettere-parole-pesanti-attenzione","status":"publish","type":"post","link":"https:\/\/www.olinews.it\/mt\/?p=3321","title":{"rendered":"OLI 320: LETTERE &#8211; Parole pesanti! Attenzione."},"content":{"rendered":"<p>Federico Valerio, ambientalista storico genovese e non solo, continua a svolgere un ottimo lavoro di informazione e pulizia sulla tragedia di Genova di pochi giorni fa. Lo affida prevalentemente alla mailing-list <a href=\"mailto:ambiente_liguria@yahoogroups.com\">ambiente_liguria@yahoogroups.com<\/a> dalla quale io lo raccolgo con gratitudine.<br \/>Penso che sia un contributo utile alla formazione di un pensiero critico su quanto avvenuto, presupposto necessario per allontanare fantasmi e paranoie e per evitare giudizi affrettati e tribunali impropri. Che non servono a niente se non ad avvelenare ulteriormente il gi\u00e0 avvelenato clima politico in cui siamo immersi. E che forse comincia \u201ca riveder le stelle\u201d.<br \/>Torniamo alle informazioni di Federico Valerio. Ci dice che \u201cin inglese si chiamano \u201cCloud-Burst\u201d, in italiano \u201cnubifragio\u201d,&#8230; eventi durante i quali, in due ore, piovono pi\u00f9 di 50 milimetri di pioggia, 600 milimetri in 24 ore\u201d. L&#8217;evento nel linguaggio mediatico e purtroppo politico \u00e8 stato definito \u201cbomba d&#8217;acqua\u201d, almeno nei primi giorni. Su Quezzi, il quartiere del Ferreggiano, il 4 novembre sono caduti 514 milimetri di acqua in 24 ore. Un nubifragio di violenza simile a quello dell&#8217;alluvione di Genova del 1970, ma in un&#8217;area pi\u00f9 ristretta e in un tempo pi\u00f9 concentrato.<br \/>Le previsioni ARPAL del giorno prima parlavano di 30-70 millimetri di pioggia prevedibili per il giorno dopo. Se le previsioni si fossero avverate al massimo si sarebbero verificati allagamento dei sottopassi, degli scantinati. Eventi certamente pericolosi ma non di potenza tragica come quelli che si sono verificate. D&#8217;altra parte non esistono modelli di previsione sperimentata sulla intensit\u00e0 e sulla concentrazione spazio-temporali dei nubifragi.<br \/>Dopo questa dolorosissima esperienza quando si parler\u00e0 di \u201callerta 2\u201d le indicazioni sui comportamenti protettivi e le azioni di tutti i soggetti responsabili, cittadini compresi, saranno improntati al massimo del principio di precauzione e al massimo dell&#8217;allerta.<br \/>Alle informazioni e alla riflessione di Federico Valerio ho voluto aggiungere una considerazione che mi appassiona e mi preoccupa e che considero fondamentale per il dispiegarsi di una buona convivenza e di una autentica democrazia. Riguarda il linguaggio, troppo spesso sfigurato, de-animato, corrotto. Nel nostro caso l&#8217;uso della parola \u201cbomba d&#8217;acqua\u201d ha dato l&#8217;innesco a questa mia riflessione. C&#8217;\u00e8 differenza nella risonanza linguistica fra nubifragio e bomba d&#8217;acqua.<br \/>E la parola nubifragio \u00e8 assolutamente esaustiva e convincente.<br \/>Credo che possa chiarire meglio il mio argomentare un breve aforisma: \u201cBombe intelligenti, bombe umanitarie, bombe d&#8217;acqua. E noi, parolai sempre pi\u00f9 stupidi\u201d.<br \/>Forse dire \u201cnoi\u201d potrebbe pungere qualcuno, ma va nel senso del \u201c&#8230;siamo tutti coinvolti\u201d.<br \/>Bomba \u00e8 parola di grande tensione inquietante. E questi primi anni del secolo ce lo hanno mostrato, avvelenando vita e futuro.<br \/>Ora \u00e8 ancora pi\u00f9 angosciante nel momento in cui c&#8217;\u00e8 fra i potenti che cercano di fermare la presunta e illegale, sicuramente minacciosa, bomba atomica iraniana, con bombe atomiche capaci di penetrare la crosta terrestre con le conseguenze immaginabili. Al riparo di ogni loro illegalit\u00e0.<br \/>E perdonate la digressione conclusiva.<br \/><b>(<i>Angelo Guarnieri<\/i>)<\/b><\/p>\n","protected":false},"excerpt":{"rendered":"<p>Federico Valerio, ambientalista storico genovese e non solo, continua a svolgere un ottimo lavoro di informazione e pulizia sulla tragedia di Genova di pochi giorni fa. Lo affida prevalentemente alla mailing-list ambiente_liguria@yahoogroups.com dalla quale io lo raccolgo con gratitudine.Penso che sia un contributo utile alla formazione di un pensiero critico su quanto avvenuto, presupposto necessario [&hellip;]<\/p>\n","protected":false},"author":1,"featured_media":0,"comment_status":"closed","ping_status":"closed","sticky":false,"template":"","format":"standard","meta":{"footnotes":""},"categories":[635,22,1819,160,2046],"tags":[],"class_list":["post-3321","post","type-post","status-publish","format-standard","hentry","category-alluvione","category-ambiente","category-angelo-guarnieri","category-lettere","category-oli-320"],"_links":{"self":[{"href":"https:\/\/www.olinews.it\/mt\/index.php?rest_route=\/wp\/v2\/posts\/3321","targetHints":{"allow":["GET"]}}],"collection":[{"href":"https:\/\/www.olinews.it\/mt\/index.php?rest_route=\/wp\/v2\/posts"}],"about":[{"href":"https:\/\/www.olinews.it\/mt\/index.php?rest_route=\/wp\/v2\/types\/post"}],"author":[{"embeddable":true,"href":"https:\/\/www.olinews.it\/mt\/index.php?rest_route=\/wp\/v2\/users\/1"}],"replies":[{"embeddable":true,"href":"https:\/\/www.olinews.it\/mt\/index.php?rest_route=%2Fwp%2Fv2%2Fcomments&post=3321"}],"version-history":[{"count":0,"href":"https:\/\/www.olinews.it\/mt\/index.php?rest_route=\/wp\/v2\/posts\/3321\/revisions"}],"wp:attachment":[{"href":"https:\/\/www.olinews.it\/mt\/index.php?rest_route=%2Fwp%2Fv2%2Fmedia&parent=3321"}],"wp:term":[{"taxonomy":"category","embeddable":true,"href":"https:\/\/www.olinews.it\/mt\/index.php?rest_route=%2Fwp%2Fv2%2Fcategories&post=3321"},{"taxonomy":"post_tag","embeddable":true,"href":"https:\/\/www.olinews.it\/mt\/index.php?rest_route=%2Fwp%2Fv2%2Ftags&post=3321"}],"curies":[{"name":"wp","href":"https:\/\/api.w.org\/{rel}","templated":true}]}}