{"id":3370,"date":"2011-10-11T17:30:00","date_gmt":"2011-10-11T16:30:00","guid":{"rendered":"http:\/\/www.olinews.it\/mt\/?p=3370"},"modified":"2011-10-11T17:30:00","modified_gmt":"2011-10-11T16:30:00","slug":"oli-315-immigrazione-nazionale-di-calcio-e-sport-nella-societa-multietnica","status":"publish","type":"post","link":"https:\/\/www.olinews.it\/mt\/?p=3370","title":{"rendered":"OLI 315: IMMIGRAZIONE &#8211; Nazionale di calcio e sport nella societ\u00e0 multietnica"},"content":{"rendered":"<table cellpadding=\"0\" cellspacing=\"0\" style=\"float: left; margin-right: 1em; text-align: left;\">\n<tbody>\n<tr>\n<td style=\"text-align: center;\"><a href=\"http:\/\/2.bp.blogspot.com\/-AMiGtcZxTRs\/TpPlXwu0DaI\/AAAAAAAAAb8\/HzSDDgKvWpk\/s1600\/IMMIGRAZIONE+color+piccolo.JPG\" style=\"clear: left; margin-bottom: 1em; margin-left: auto; margin-right: auto;\"><img loading=\"lazy\" decoding=\"async\" border=\"0\" height=\"199\" src=\"http:\/\/2.bp.blogspot.com\/-AMiGtcZxTRs\/TpPlXwu0DaI\/AAAAAAAAAb8\/HzSDDgKvWpk\/s200\/IMMIGRAZIONE+color+piccolo.JPG\" width=\"200\" \/><\/a><\/td>\n<\/tr>\n<tr>\n<td style=\"text-align: center;\">Disegno di Guido Rosato<\/td>\n<\/tr>\n<\/tbody>\n<\/table>\n<p>La nazionale italiana di calcio ha convocato l\u2019attaccante della Roma Osvaldo nato in Argentina, da genitori argentini, ma con avi italiani, e il deputato leghista Davide Cavallotto ha criticato la convocazione. Osvaldo aveva per\u00f2 gi\u00e0 giocato nel 2007 con la nazionale italiana di calcio Under 21, \u00e8 dunque italiano fin da allora e forse ancora prima. Tutti i \u201cbuoni\u201d calciatori italiani dovrebbero avere il diritto di essere convocati e di giocare in nazionale a prescindere dal luogo dove sono nati. Le critiche leghiste sono dunque fuori tempo, ma la cosa interessante \u00e8 stata la risposta di Osvaldo: \u201cLe critiche di qualche politico verso la mia convocazione in nazionale? Io sono pi\u00f9 italiano di chi ha polemizzato\u201d. Una risposta molto appropriata, \u00e8 strano, infatti, che certe critiche che riguardano la nazionale italiana siano fatte da coloro che non si sentono italiani, ma si sentono di appartenere ad una fantastica nazione denominata \u201cpadania\u201d, e che parlano continuamente di secessione minacciando l\u2019unit\u00e0 nazionale. Non solo Osvaldo (che \u00e8 italiano), ma moltissimi immigrati che non hanno ancora la cittadinanza italiana si sentono molto pi\u00f9 italiani dei leghisti. <br \/>Successivamente il deputato leghista ha dichiarato: \u201cNon ce l&#8217;ho con Osvaldo (&#8230;) mi aspetterei che la Nazionale desse spazio ai giovani nati qui\u201d. Che ne \u00e8 dell\u2019attivit\u00e0 agonistica di centinaia di migliaia di giovani che vivono in Italia e che frequentano le nostre scuole ma che non sono nati qui? Che ne \u00e8 di quelli nati e cresciuti in Italia da genitori immigrati e che non hanno ancora la cittadinanza italiana? <br \/>Mauro Valeri, docente universitario &#8211; autore di &#8220;Black Italians. Atleti neri in maglia azzurra&#8221; &#8211; Palombi editore &#8211; scrive: \u201cLe norme di gran parte delle federazioni sportive sono concepite per impedire o comunque rendere particolarmente difficile la carriera agonistica per uno straniero e per i suoi figli, pur se nati e cresciuti in Italia. Statisticamente, i ragazzi e le ragazze di seconda generazione che praticano sport, sono relativamente pochi. Una discriminazione a tutti gli effetti, che viene in genere risolta soltanto in tribunale, anche perch\u00e9 le federazioni la \u201cgiustificano\u201d rimandando tutte le responsabilit\u00e0 all\u2019attuale legge sull\u2019acquisizione della cittadinanza in vigore nel nostro paese. A dire il vero, di certo gran parte delle federazioni non solo non hanno provato a cambiare la situazione, ma hanno finito per avvalorare quello che \u00e8 il delirio originario: intendere la tutela dei vivai come la tutela dei soli italiani presenti nei vivai, e non come tutela di tutti coloro che sono presenti nei vivai\u201d (<i><a href=\"http:\/\/www.italiarazzismo.it\/\">www.italiarazzismo.it<\/a><\/i>&nbsp; 9 settembre 2011). Il calcio e tutti gli sport devono essere luoghi di inclusione e non di esclusione, occorre recuperarne i valori ed i principi originari.<br \/><b><i>(Saleh Zaghloul)<\/i><\/b><\/p>\n","protected":false},"excerpt":{"rendered":"<p>Disegno di Guido Rosato La nazionale italiana di calcio ha convocato l\u2019attaccante della Roma Osvaldo nato in Argentina, da genitori argentini, ma con avi italiani, e il deputato leghista Davide Cavallotto ha criticato la convocazione. Osvaldo aveva per\u00f2 gi\u00e0 giocato nel 2007 con la nazionale italiana di calcio Under 21, \u00e8 dunque italiano fin da [&hellip;]<\/p>\n","protected":false},"author":1,"featured_media":0,"comment_status":"closed","ping_status":"closed","sticky":false,"template":"","format":"standard","meta":{"footnotes":""},"categories":[1129,785,7,370,832],"tags":[],"class_list":["post-3370","post","type-post","status-publish","format-standard","hentry","category-calcio","category-giovani","category-immigrazione","category-saleh-zaghloul","category-sport"],"_links":{"self":[{"href":"https:\/\/www.olinews.it\/mt\/index.php?rest_route=\/wp\/v2\/posts\/3370","targetHints":{"allow":["GET"]}}],"collection":[{"href":"https:\/\/www.olinews.it\/mt\/index.php?rest_route=\/wp\/v2\/posts"}],"about":[{"href":"https:\/\/www.olinews.it\/mt\/index.php?rest_route=\/wp\/v2\/types\/post"}],"author":[{"embeddable":true,"href":"https:\/\/www.olinews.it\/mt\/index.php?rest_route=\/wp\/v2\/users\/1"}],"replies":[{"embeddable":true,"href":"https:\/\/www.olinews.it\/mt\/index.php?rest_route=%2Fwp%2Fv2%2Fcomments&post=3370"}],"version-history":[{"count":0,"href":"https:\/\/www.olinews.it\/mt\/index.php?rest_route=\/wp\/v2\/posts\/3370\/revisions"}],"wp:attachment":[{"href":"https:\/\/www.olinews.it\/mt\/index.php?rest_route=%2Fwp%2Fv2%2Fmedia&parent=3370"}],"wp:term":[{"taxonomy":"category","embeddable":true,"href":"https:\/\/www.olinews.it\/mt\/index.php?rest_route=%2Fwp%2Fv2%2Fcategories&post=3370"},{"taxonomy":"post_tag","embeddable":true,"href":"https:\/\/www.olinews.it\/mt\/index.php?rest_route=%2Fwp%2Fv2%2Ftags&post=3370"}],"curies":[{"name":"wp","href":"https:\/\/api.w.org\/{rel}","templated":true}]}}