{"id":3381,"date":"2011-10-04T15:52:00","date_gmt":"2011-10-04T14:52:00","guid":{"rendered":"http:\/\/www.olinews.it\/mt\/?p=3381"},"modified":"2011-10-04T15:52:00","modified_gmt":"2011-10-04T14:52:00","slug":"oli-314-societa-ambiguita-del-multiculturalismo","status":"publish","type":"post","link":"https:\/\/www.olinews.it\/mt\/?p=3381","title":{"rendered":"OLI 314: SOCIETA&#8217; &#8211; Ambiguit\u00e0 del multiculturalismo"},"content":{"rendered":"<p>In <a href=\"http:\/\/www.olinews.info\/2011\/09\/oli-313-immigrazione-cose-una-societa.html\">Oli 313<\/a>, Saleh Zaghloul denuncia, giustamente, \u201cla confusione delle parole\u201d, e l\u2019ambiguit\u00e0 che accompagna l\u2019utilizzo di termini come multiculturalismo e societ\u00e0 multietnica.  Appunto sul senso, e sulle implicazioni, di queste parole si erano concentrati alcuni interessanti interventi nel corso del convegno \u201c<a href=\"http:\/\/puntoggenova2011.wordpress.com\/\">Punto G, genere e globalizzazione<\/a>\u201d (Genova, 25 giugno 2011 &#8211; vedi anche Oli <a href=\"http:\/\/www.olinews.info\/2011\/06\/oli-307-g8-punto-g-genere.html\">307<\/a> e Oli <a href=\"http:\/\/www.olinews.info\/2011\/07\/oli-308-informazione-che-succede-in.html\">308<\/a>).<\/p>\n<div style=\"clear: both; text-align: center;\"><a href=\"http:\/\/1.bp.blogspot.com\/-8b439tLRh1I\/TorZ4Zs5PbI\/AAAAAAAAAac\/0yI5EmWzFRU\/s1600\/Houzane.jpg\" style=\"clear: left; float: left; margin-bottom: 1em; margin-right: 1em;\"><img loading=\"lazy\" decoding=\"async\" border=\"0\" height=\"214\" src=\"http:\/\/1.bp.blogspot.com\/-8b439tLRh1I\/TorZ4Zs5PbI\/AAAAAAAAAac\/0yI5EmWzFRU\/s320\/Houzane.jpg\" width=\"320\" \/><\/a><\/div>\n<p>Houzane Mahmoud, attivista Kurdo-Irakena, non aveva usato mezzi termini: \u201c<i>Non ha senso parlare di femminismo islamico. L\u2019Islam \u00e8 una forma addizionale di violenza. Le donne devono lottare per una costituzione laica &#8230; Le donne occidentali di sinistra che affermano che non dobbiamo imporre i valori occidentali non conoscono il contesto. Noi abbiamo rischiato la nostra vita per uno stato laico<\/i>\u201d<\/p>\n<div style=\"clear: both; text-align: center;\"><a href=\"http:\/\/4.bp.blogspot.com\/-w80rALHD8Ks\/ToraCOLK_iI\/AAAAAAAAAag\/d3r6oo3q6gc\/s1600\/Gita.jpg\" style=\"clear: left; float: left; margin-bottom: 1em; margin-right: 1em;\"><img loading=\"lazy\" decoding=\"async\" border=\"0\" height=\"214\" src=\"http:\/\/4.bp.blogspot.com\/-w80rALHD8Ks\/ToraCOLK_iI\/AAAAAAAAAag\/d3r6oo3q6gc\/s320\/Gita.jpg\" width=\"320\" \/><\/a><\/div>\n<p>Gita Sahgal, scrittrice, giornalista, attivista per i diritti umani e delle donne, di nazionalit\u00e0 indiana, aveva concentrato il suo intervento sulla necessit\u00e0 che il rispetto per le diversit\u00e0 e le culture trovi un limite quando queste sono in contraddizione con i diritti delle donne. Molto netta la critica alla politica dei governi occidentali, che nella lotta al terrorismo praticano forme di alleanza e di compromesso con movimenti islamici moderati, anche quando la contropartita \u00e8 l\u2019introduzione della Shar\u00eca, e l&#8217;accettazione della violenza verso le donne.<\/p>\n<div style=\"clear: both; text-align: center;\"><a href=\"http:\/\/1.bp.blogspot.com\/-okoTUPUvJeU\/ToraK1R7bLI\/AAAAAAAAAak\/RfNKHBAET_s\/s1600\/Maryam.jpg\" style=\"clear: left; float: left; margin-bottom: 1em; margin-right: 1em;\"><img loading=\"lazy\" decoding=\"async\" border=\"0\" height=\"214\" src=\"http:\/\/1.bp.blogspot.com\/-okoTUPUvJeU\/ToraK1R7bLI\/AAAAAAAAAak\/RfNKHBAET_s\/s320\/Maryam.jpg\" width=\"320\" \/><\/a><\/div>\n<p>Maryam Namazie, giornalista iraniana, attivista dei diritti umani \u00e8 stata nettissima: \u201c<i>Il relativismo culturale e il multiculturalismo in una realt\u00e0 formata da comunit\u00e0 incasellate e separate, mette il rispetto delle tradizioni al primo posto, e i diritti al secondo. E\u2019 il razzismo delle aspettative basse e dei doppi standard.<\/i>\u201d Namazie attacca con decisione anche la presunta \u201clibert\u00e0 di scelta\u201d delle donne \u201c<i>Le donne scelgono? Non c\u2019\u00e8 possibilit\u00e0 di scelta sotto l\u2019inquisizione. Nell\u2019inquisizione sei solo colpevole<\/i>\u201d.<\/p>\n<div style=\"clear: both; text-align: center;\"><a href=\"http:\/\/2.bp.blogspot.com\/-u8zO-QD6O9M\/ToraaJDsNbI\/AAAAAAAAAao\/A5PeMbKkib0\/s1600\/Soad.jpg\" style=\"clear: left; float: left; margin-bottom: 1em; margin-right: 1em;\"><img loading=\"lazy\" decoding=\"async\" border=\"0\" height=\"214\" src=\"http:\/\/2.bp.blogspot.com\/-u8zO-QD6O9M\/ToraaJDsNbI\/AAAAAAAAAao\/A5PeMbKkib0\/s320\/Soad.jpg\" width=\"320\" \/><\/a><\/div>\n<p>Soad Baba Aissa, nata in Francia da genitori algerini, attualmente dirigente presso il Ministero degli Interni francese, si definisce sindacalista e militante femminista laica. Il suo intervento \u00e8 una forte denuncia del \u201cdoppio fronte\u201d contro cui si trovano a combattere le associazioni femministe laiche: \u201c<i>da una parte i partiti di destra, che  fanno proprio l\u2019integralismo religioso; dall\u2019altro le forze progressiste che hanno abbandonato l\u2019ispirazione laica in nome del dialogo interculturale<\/i>\u201d.<br \/>Queste quattro attiviste e intellettuali denunciano che \u201c<i>i diritti delle donne non fanno parte del tutto dei diritti universali<\/i>\u201d. Sono mercanteggiabili. Ci si pu\u00f2 giocare sul filo dell\u2019ambiguit\u00e0 della \u201clibera scelta\u201d, del \u201crispetto delle altre culture, delle tradizioni\u201d. I cambiamenti procedono inevitabilmente con passaggi graduali, ma richiedono una radicalit\u00e0 e una nettezza nel pensiero e negli obiettivi.<br \/>Osservo che Genova ha ospitato un dibattito internazionale su uno dei nodi principali in cui si dibatte la nostra societ\u00e0, quello appunto di quali debbano essere le basi legislative  su cui costruire una societ\u00e0 che ospita diverse culture, rispettando e tutelando  i diritti di tutti i suoi componenti, senza che la stampa cittadina ne abbia minimamente dato conto. <\/p>\n<p><b>(<i>Paola Pierantoni<\/i>)<\/b><\/p>\n","protected":false},"excerpt":{"rendered":"<p>In Oli 313, Saleh Zaghloul denuncia, giustamente, \u201cla confusione delle parole\u201d, e l\u2019ambiguit\u00e0 che accompagna l\u2019utilizzo di termini come multiculturalismo e societ\u00e0 multietnica. Appunto sul senso, e sulle implicazioni, di queste parole si erano concentrati alcuni interessanti interventi nel corso del convegno \u201cPunto G, genere e globalizzazione\u201d (Genova, 25 giugno 2011 &#8211; vedi anche Oli [&hellip;]<\/p>\n","protected":false},"author":1,"featured_media":0,"comment_status":"closed","ping_status":"closed","sticky":false,"template":"","format":"standard","meta":{"footnotes":""},"categories":[16,303,936,2101,2006,345,1997,577],"tags":[],"class_list":["post-3381","post","type-post","status-publish","format-standard","hentry","category-cultura","category-donne","category-femminismo","category-multiculturalismo","category-oli-314","category-paola-pierantoni","category-punto-g","category-societa"],"_links":{"self":[{"href":"https:\/\/www.olinews.it\/mt\/index.php?rest_route=\/wp\/v2\/posts\/3381","targetHints":{"allow":["GET"]}}],"collection":[{"href":"https:\/\/www.olinews.it\/mt\/index.php?rest_route=\/wp\/v2\/posts"}],"about":[{"href":"https:\/\/www.olinews.it\/mt\/index.php?rest_route=\/wp\/v2\/types\/post"}],"author":[{"embeddable":true,"href":"https:\/\/www.olinews.it\/mt\/index.php?rest_route=\/wp\/v2\/users\/1"}],"replies":[{"embeddable":true,"href":"https:\/\/www.olinews.it\/mt\/index.php?rest_route=%2Fwp%2Fv2%2Fcomments&post=3381"}],"version-history":[{"count":0,"href":"https:\/\/www.olinews.it\/mt\/index.php?rest_route=\/wp\/v2\/posts\/3381\/revisions"}],"wp:attachment":[{"href":"https:\/\/www.olinews.it\/mt\/index.php?rest_route=%2Fwp%2Fv2%2Fmedia&parent=3381"}],"wp:term":[{"taxonomy":"category","embeddable":true,"href":"https:\/\/www.olinews.it\/mt\/index.php?rest_route=%2Fwp%2Fv2%2Fcategories&post=3381"},{"taxonomy":"post_tag","embeddable":true,"href":"https:\/\/www.olinews.it\/mt\/index.php?rest_route=%2Fwp%2Fv2%2Ftags&post=3381"}],"curies":[{"name":"wp","href":"https:\/\/api.w.org\/{rel}","templated":true}]}}