{"id":3393,"date":"2011-09-27T16:40:00","date_gmt":"2011-09-27T15:40:00","guid":{"rendered":"http:\/\/www.olinews.it\/mt\/?p=3393"},"modified":"2011-09-27T16:40:00","modified_gmt":"2011-09-27T15:40:00","slug":"oli-313-il-presidente-dellolp-chiede-allonu-il-riconoscimento-dello-stato-di-palestina","status":"publish","type":"post","link":"https:\/\/www.olinews.it\/mt\/?p=3393","title":{"rendered":"OLI 313: Il presidente dell\u2019OLP chiede all\u2019ONU il riconoscimento dello Stato di Palestina"},"content":{"rendered":"<div style=\"margin: 0cm 0cm 0pt;\">Il presidente palestinese Abu Mazen all\u2019ONU: &#8221; I nostri sforzi non hanno lo scopo di isolare o delegittimare Israele. (&#8230;)  Perch\u00e9 crediamo nella pace, per la nostra convinzione nella legittimit\u00e0 internazionale, perch\u00e9 abbiamo avuto il coraggio di prendere decisioni difficili per il nostro popolo, e in assenza di una giustizia assoluta, abbiamo deciso di cercare la giustizia relativa, quella possibile, e di correggere una parte delle gravi ingiustizie storiche commesse contro il nostro popolo. Cos\u00ec, abbiamo deciso di costruire lo Stato di Palestina in solo il 22% del territorio della Palestina storica, sui territori palestinesi occupati da Israele nel 1967 (&#8230;). Una tale risoluzione, si presume, dovrebbe includere una riaffermazione che qualsiasi accordo finale deve includere il riconoscimento di Israele e garantire la sua sicurezza, che i due stati condivideranno Gerusalemme come capitale, e che il problema dei rifugiati palestinesi deve essere risolto. I palestinesi non useranno la loro sovranit\u00e0 conquistata per presentare azioni giudiziarie contro gli israeliani presso la Corte di giustizia internazionale&#8221;.<\/div>\n<div style=\"margin: 0cm 0cm 0pt;\">Bill Clinton ex presidente degli Stati Uniti parlando gioved\u00ec scorso ai margini di una conferenza a New York : \u201cLa colpa del fallimento del processo di pace con i palestinesi \u00e8 del primo ministro israeliano Benjamin Netanyahu, non \u00e8 interessato al processo di pace\u201d <a href=\"http:\/\/www.ynetnews.com\/articles\/0,7340,L-4126490,00.html\">http:\/\/www.ynetnews.com\/articles\/0,7340,L-4126490,00.html<\/a> .<br \/>Ali Rashid, italo palestinese, ex deputato italiano (indipendente nelle liste di Rifondazione Comunista): \u201cMolti palestinesi considerano tardivo il passo coraggioso deciso da Abu Mazen di rivolgersi alle Nazioni Unite (\u2026),  l&#8217;assemblea generale dell\u2019ONU ha gi\u00e0 riconosciuto lo stato palestinese dichiarato da Arafat, nel 1988, con 104 voti favorevoli, due contrari e 36 astenuti. Anche secondo molti israeliani la cosa renderebbe Israele pi\u00f9 sicura, favorirebbe la sua normalizzazione nella regione e rassicurerebbe la sua popolazione (..) Ritornerebbe cos\u00ec la presenza ebraica come elemento culturalmente originale e fondamentale nella storia della regione. Comunque pi\u00f9 passa il tempo, pi\u00f9 il costo del sostegno incondizionato alle politiche israeliane diventer\u00e0 intollerabile a tutti\u201d  <a href=\"http:\/\/www.ilmanifesto.it\/area-abbonati\/in-edicola\/manip2n1\/20110922\/manip2pg\/01\/manip2pz\/310332\/\">http:\/\/www.ilmanifesto.it\/area-abbonati\/in-edicola\/manip2n1\/20110922\/manip2pg\/01\/manip2pz\/310332\/<\/a>.<br \/>Daniel Cohen Bendit, presente alla manifestazione di centinaia di intellettuali ed accademici israeliani a Tel Aviv, gioved\u00ec scorso, a sostegno del riconoscimento dello Stato di Palestina, ha invitato i leader della protesta sociale in Israele a sostenere la causa palestinese: &#8220;Ho parlato con i leader della protesta sociale che sono diffidenti a legare le due lotte. Ma non ci pu\u00f2 essere alcuna soluzione ai problemi sociali di Israele senza la fine dell\u2019occupazione dei territori palestinesi\u201d <a href=\"http:\/\/www.haaretz.com\/news\/national\/israeli-intellectuals-back-palestinian-statehood-in-tel-aviv-rally-1.386215\">http:\/\/www.haaretz.com\/news\/national\/israeli-intellectuals-back-palestinian-statehood-in-tel-aviv-rally-1.386215<\/a>.<br \/>Wassim Dahmash, italo palestinese, professore all\u2019Universit\u00e0 di Cagliari : \u201cIl riconoscimento di uno Stato palestinese, sotto il profilo legale, \u00e8 necessario ad Israele perch\u00e9 abbassa il tetto delle rivendicazioni palestinesi. A tutt&#8217;oggi, secondo il diritto internazionale, i profughi palestinesi hanno diritto a ritornare alle loro terre (risoluzione 194). Il riconoscimento di un &#8220;futuro&#8221; Stato palestinese limiterebbe questo diritto ai confini (virtuali) del costruendo Stato (virtuale). La proclamazione di uno Stato palestinese su una parte del territorio della Palestina mandataria renderebbe automaticamente legale l&#8217;esistenza sul rimanente territorio dello Stato coloniale tuttora illegale secondo la carta delle Nazioni Unite \u2026\u201d <a href=\"http:\/\/www.amiciziaitalo-palestinese.org\/index.php?option=com_content&amp;view=article&amp;id=2840:uno-stato-palestinese&amp;catid=23:interventi&amp;Itemid=43\">http:\/\/www.amiciziaitalo-palestinese.org\/index.php?option=com_content&amp;view=article&amp;id=2840:uno-stato-palestinese&amp;catid=23:interventi&amp;Itemid=43<\/a>.<br \/>Il professore israeliano Galia Golan ha accusato la leadership israeliana del mancato accordo di pace con l&#8217;Autorit\u00e0 palestinese: &#8220;Avremmo potuto raggiunto un accordo dal 1988 ed \u00e8 interamente colpa nostra che non l\u2019abbiamo fatto. Nel <metricconverter product st=\"on\">1988, l<\/metricconverter>&#8216;OLP ha accettato un compromesso storico. Hanno dato il 78% del territorio al fine di ottenere la pace e porre fine all&#8217;occupazione. Invece abbiamo continuato a chiedere loro altri cedimenti, ma non hanno pi\u00f9 nulla da dare. Siamo stati noi i negazionisti in tutti questi anni. Abbas \u00e8 il leader pi\u00f9 moderato che si  possa desiderare ed ha fatto bene a rivolgersi all&#8217;ONU. Noi con la nostra stupidit\u00e0 non andremo all\u2019ONU insieme a lui, quando lo Stato che egli chiede ci d\u00e0 un confine a est e il riconoscimento di Gerusalemme Ovest, cose che non abbiamo ancora ottenuto\u201d, <a href=\"http:\/\/www.haaretz.com\/news\/national\/israeli-intellectuals-back-palestinian-statehood-in-tel-aviv-rally-1.386215\">http:\/\/www.haaretz.com\/news\/national\/israeli-intellectuals-back-palestinian-statehood-in-tel-aviv-rally-1.386215<\/a><\/div>\n<p><span style=\"font-family: 'Times New Roman'; font-size: 12pt;\"><b>(<i>Saleh Zaghloul<\/i>) <\/b><\/span><\/p>\n","protected":false},"excerpt":{"rendered":"<p>Il presidente palestinese Abu Mazen all\u2019ONU: &#8221; I nostri sforzi non hanno lo scopo di isolare o delegittimare Israele. (&#8230;) Perch\u00e9 crediamo nella pace, per la nostra convinzione nella legittimit\u00e0 internazionale, perch\u00e9 abbiamo avuto il coraggio di prendere decisioni difficili per il nostro popolo, e in assenza di una giustizia assoluta, abbiamo deciso di cercare [&hellip;]<\/p>\n","protected":false},"author":1,"featured_media":0,"comment_status":"closed","ping_status":"closed","sticky":false,"template":"","format":"standard","meta":{"footnotes":""},"categories":[2108,371,1684,2104,1710,1222,440,370,1526],"tags":[],"class_list":["post-3393","post","type-post","status-publish","format-standard","hentry","category-abu-mazen","category-esteri","category-medio-oriente","category-oli-313","category-olp","category-pace","category-palestina","category-saleh-zaghloul","category-stato-palestinese"],"_links":{"self":[{"href":"https:\/\/www.olinews.it\/mt\/index.php?rest_route=\/wp\/v2\/posts\/3393","targetHints":{"allow":["GET"]}}],"collection":[{"href":"https:\/\/www.olinews.it\/mt\/index.php?rest_route=\/wp\/v2\/posts"}],"about":[{"href":"https:\/\/www.olinews.it\/mt\/index.php?rest_route=\/wp\/v2\/types\/post"}],"author":[{"embeddable":true,"href":"https:\/\/www.olinews.it\/mt\/index.php?rest_route=\/wp\/v2\/users\/1"}],"replies":[{"embeddable":true,"href":"https:\/\/www.olinews.it\/mt\/index.php?rest_route=%2Fwp%2Fv2%2Fcomments&post=3393"}],"version-history":[{"count":0,"href":"https:\/\/www.olinews.it\/mt\/index.php?rest_route=\/wp\/v2\/posts\/3393\/revisions"}],"wp:attachment":[{"href":"https:\/\/www.olinews.it\/mt\/index.php?rest_route=%2Fwp%2Fv2%2Fmedia&parent=3393"}],"wp:term":[{"taxonomy":"category","embeddable":true,"href":"https:\/\/www.olinews.it\/mt\/index.php?rest_route=%2Fwp%2Fv2%2Fcategories&post=3393"},{"taxonomy":"post_tag","embeddable":true,"href":"https:\/\/www.olinews.it\/mt\/index.php?rest_route=%2Fwp%2Fv2%2Ftags&post=3393"}],"curies":[{"name":"wp","href":"https:\/\/api.w.org\/{rel}","templated":true}]}}