{"id":341,"date":"2005-03-18T08:07:28","date_gmt":"2005-03-18T08:07:28","guid":{"rendered":"http:\/\/www.comevedonoidaltonici.com\/wordpress\/?p=341"},"modified":"2005-03-18T08:07:28","modified_gmt":"2005-03-18T08:07:28","slug":"informazione-larma-della-pubblicita-contro-il-direttore","status":"publish","type":"post","link":"https:\/\/www.olinews.it\/mt\/?p=341","title":{"rendered":"<i>Informazione<\/i>. L&#8217;arma della pubblicit\u00e0 contro il direttore"},"content":{"rendered":"<p>Bravo chi ha capito i veri motivi delle recenti dimissioni di Furio Colombo dalla guida della nuova Unit\u00e0, missione di rilancio del giornale compiuta \u2013 gliene va dato meritatamente atto \u2013 con la forza morale e l&#8217;autonomia intellettuale di un validissimo uomo di cultura. A pi\u00f9 d&#8217;uno per\u00f2 proprio quei suoi tratti decisi, battaglieri, che tanto vigore hanno impresso alla seconda vita del giornale fondato da Gramsci, davano sui nervi: e tra i suoi detrattori figurava non solo la rozzezza di un premier arrivato a usare carte false pur di apparire vittima innocente della \u201crabbiosa stampa comunista\u201d (falso smascherato e mai rettificato).<\/p>\n<p><!--more--><br \/>\nAnche da altre parti non era gradita la fierezza del personaggio che, proprio per il lungo passato americano, oggi, con la sua indignazione civile, testimoniava meglio di ogni altro l&#8217;indecenza di un regime di destra nostrano, dominato dagli interessi personali.<br \/>\nCome che sia Colombo se ne \u00e8 andato, sostituito dal suo vice, Antonio Padellaro, fedele continuatore \u2013 \u00e8 stato subito assicurato \u2013 della stessa identica linea. E allora perch\u00e9 il cambio della guardia? A prendere per buona un&#8217;ironica nota di Umberto Eco, la colpa sarebbe tutta della pubblicit\u00e0: l&#8217;Unit\u00e0 non ne ha o quasi e si capisce perch\u00e9. In un paese di opportunisti come il nostro, nessuna azienda passa un&#8217;inserzione a un giornale additato dal presidente del Consiglio non solo come nemico ma addirittura come persecutore. Strumentale o meno che sia, tale ipotesi dunque non \u00e8 affatto trascurabile e riporta al mai affrontato nodo scorsoio che il potere politico-economico stringe alla gola della libert\u00e0 d&#8217;informazione. Quando l&#8217;introito pubblicitario raggiunge, nel pi\u00f9 sano dei bilanci, il 50 per cento dei ricavi di una testata, cio\u00e8 quanto le vendite, \u00e8 facile comprendere il pesante condizionamento che ne deriva.<br \/>\nNelle redazioni del tempo passato, il confine netto, invalicabile, tra affari editoriali e informazione, era richiamato addirittura con l&#8217;invito a \u201cnon frequentare neppure al bar i pubblicitari\u201d; tutto ci\u00f2 poteva suonare come un&#8217;iperbole classista, mentre in realt\u00e0 anticipava i rischi di una contaminazione destinata a dilagare in forme scandalose. Quei bistrattati venditori di spazi per la reclame, figure trattate con distacco, tenute ai margini, hanno avuto un&#8217;impensabile rivincita: oggi i ruoli si sono invertiti ed \u00e8 con loro, in nome del marketing, che si decidono strategie e rotta, contenuti e immagine dei giornali, che si stabilisce di non fare pi\u00f9 inchieste ma soffietti, e in certi casi sono loro a nominare o dimissionare direttori. Specie se non producono introiti.<br \/>\n<em>(Camillo Arcuri)<\/em><\/p>\n","protected":false},"excerpt":{"rendered":"<p>Newsletter n. 50<\/p>\n","protected":false},"author":1,"featured_media":0,"comment_status":"open","ping_status":"closed","sticky":false,"template":"","format":"standard","meta":{"footnotes":""},"categories":[52,13],"tags":[],"class_list":["post-341","post","type-post","status-publish","format-standard","hentry","category-52","category-informazione"],"_links":{"self":[{"href":"https:\/\/www.olinews.it\/mt\/index.php?rest_route=\/wp\/v2\/posts\/341","targetHints":{"allow":["GET"]}}],"collection":[{"href":"https:\/\/www.olinews.it\/mt\/index.php?rest_route=\/wp\/v2\/posts"}],"about":[{"href":"https:\/\/www.olinews.it\/mt\/index.php?rest_route=\/wp\/v2\/types\/post"}],"author":[{"embeddable":true,"href":"https:\/\/www.olinews.it\/mt\/index.php?rest_route=\/wp\/v2\/users\/1"}],"replies":[{"embeddable":true,"href":"https:\/\/www.olinews.it\/mt\/index.php?rest_route=%2Fwp%2Fv2%2Fcomments&post=341"}],"version-history":[{"count":0,"href":"https:\/\/www.olinews.it\/mt\/index.php?rest_route=\/wp\/v2\/posts\/341\/revisions"}],"wp:attachment":[{"href":"https:\/\/www.olinews.it\/mt\/index.php?rest_route=%2Fwp%2Fv2%2Fmedia&parent=341"}],"wp:term":[{"taxonomy":"category","embeddable":true,"href":"https:\/\/www.olinews.it\/mt\/index.php?rest_route=%2Fwp%2Fv2%2Fcategories&post=341"},{"taxonomy":"post_tag","embeddable":true,"href":"https:\/\/www.olinews.it\/mt\/index.php?rest_route=%2Fwp%2Fv2%2Ftags&post=341"}],"curies":[{"name":"wp","href":"https:\/\/api.w.org\/{rel}","templated":true}]}}