{"id":3428,"date":"2011-07-19T16:24:00","date_gmt":"2011-07-19T15:24:00","guid":{"rendered":"http:\/\/www.olinews.it\/mt\/?p=3428"},"modified":"2011-07-19T16:24:00","modified_gmt":"2011-07-19T15:24:00","slug":"oli-310-decennale-g8-i-migranti-il-forum-e-lidea-geniale-del-sindacato","status":"publish","type":"post","link":"https:\/\/www.olinews.it\/mt\/?p=3428","title":{"rendered":"OLI 310: DECENNALE G8 \u2013 I migranti, il Forum, e l\u2019idea geniale del sindacato"},"content":{"rendered":"<div style=\"clear: both; text-align: center;\"><a href=\"http:\/\/3.bp.blogspot.com\/-aM65_vh2oXY\/TiAcy9pJXUI\/AAAAAAAAAYY\/EkgiY99Uoz4\/s1600\/oli_19luglio0004.jpg\" style=\"clear: left; float: left; margin-bottom: 1em; margin-right: 1em;\"><img loading=\"lazy\" decoding=\"async\" border=\"0\" height=\"320\" src=\"http:\/\/3.bp.blogspot.com\/-aM65_vh2oXY\/TiAcy9pJXUI\/AAAAAAAAAYY\/EkgiY99Uoz4\/s400\/oli_19luglio0004.jpg\" width=\"320\" \/><\/a><\/div>\n<p>Oggi, 19 luglio 2011, ultima riunione della redazione di Oli prima delle vacanze. <br \/>Impossibile per me non pensare all\u2019anniversario che rappresenta questa data: dieci anni dalla manifestazione dei migranti del G8. La mia memoria corre per\u00f2 ai giorni che la precedettero, e che furono drammatici per tutto il gruppo di persone che dal 1995 aveva creato la rete cittadina del Forum Antirazzista di Genova. Drammatici in particolare per quelli di noi che lavoravano nel sindacato.  Infatti, nonostante i nostri disperati appelli, Cgil Cisl Uil negarono l\u2019adesione alla manifestazione. Non solo: ci diffidarono di utilizzare nel corteo la sigla Forum Antirazzista di Genova.  <\/p>\n<div style=\"clear: both; text-align: center;\"><a href=\"http:\/\/3.bp.blogspot.com\/-Ca9tm1Y37pE\/TiAc9Tq1_sI\/AAAAAAAAAYc\/ki-JecJhJho\/s1600\/oli_19luglio0002.jpg\" style=\"clear: right; float: right; margin-bottom: 1em; margin-left: 1em;\"><img loading=\"lazy\" decoding=\"async\" border=\"0\" height=\"212\" src=\"http:\/\/3.bp.blogspot.com\/-Ca9tm1Y37pE\/TiAc9Tq1_sI\/AAAAAAAAAYc\/ki-JecJhJho\/s400\/oli_19luglio0002.jpg\" width=\"400\" \/><\/a><\/div>\n<p>Cos\u00ec dopo pi\u00f9 di quindici anni di lavoro comune una rete complessa che andava dalla Caritas alla Cgil, da Citt\u00e0 Aperta alla Cisl, all\u2019Arci e a moltissime altre associazioni fu spezzata: impossibile reggere l\u2019impatto di quella censura, e andare oltre l\u2019emozione di una giornata in cui ciascuno di noi, ridotto a singolo individuo senza storia e senza voce, aveva visto scorrere nella sua citt\u00e0 la pi\u00f9 straordinaria manifestazione sull\u2019immigrazione che avesse mai vissuto.<br \/>Riprendo in mano le carte di allora e rileggo l\u2019appello che chiedeva sostegno e adesione alla manifestazione dei migranti. Breve e chiarissimo. Diceva che sarebbe stato molto importante riuscire \u201c<i>A dare visibilit\u00e0 alle migliaia di san papier, ai profughi, ai rifugiati, in una grande manifestazione europea degli immigrati e delle loro associazioni per i diritti negati, per il rispetto delle culture di tutti, per la libera circolazione, per il diritto di asilo, per l\u2019abolizione dei centri di permanenza temporanea e per la regolarizzazione dei clandestini, per il diritto di voto, per il diritto di resistere e lottare per una societ\u00e0 di eguali con eguali diritti ed eguali doveri, liberi dal bisogno e dalla paura<\/i>\u201d. Seguiva una marea di sigle di associazioni e di nomi singoli. Tra questi Don Balletto e Don Gallo.<br \/>Il 13 luglio una comunicazione della Cisl Liguria, firmata da Andrea Sanguineti, rendeva noto che la Cisl non sarebbe stata presente n\u00e9 con i suoi attivisti, n\u00e9 con bandiere e striscioni in quanto quella annunciata era \u201c<i>una manifestazione organizzata e coordinata dai centri sociali \u2026 che prevede la partecipazione di movimenti strutturalmente violenti per cui riteniamo che vi siano oggettivi pericoli per i cittadini extracomunitari<\/i>\u201d.<\/p>\n<div style=\"clear: both; text-align: center;\"><a href=\"http:\/\/3.bp.blogspot.com\/-JHLastoThxk\/TiAdJjbF_kI\/AAAAAAAAAYg\/bSsfZ1W9-_8\/s1600\/oli_19luglio0003.jpg\" style=\"clear: left; float: left; margin-bottom: 1em; margin-right: 1em;\"><img loading=\"lazy\" decoding=\"async\" border=\"0\" height=\"185\" src=\"http:\/\/3.bp.blogspot.com\/-JHLastoThxk\/TiAdJjbF_kI\/AAAAAAAAAYg\/bSsfZ1W9-_8\/s320\/oli_19luglio0003.jpg\" width=\"320\" \/><\/a><\/div>\n<p>In una comunicazione ufficiale della Cgil, sempre del 13 luglio, viene annunciata l&#8217;idea geniale su cui concordarono Cgil Cisl e Uil nazionali:&nbsp; quella di invitare \u201cun rappresentante\u201d del Genoa Social Forum al convegno organizzato dal sindacato per il giorno prima, il 18 di luglio. Incambio &#8220;<i>Cgil Cisl Uil  manderanno un messaggio che verr\u00e0 letto alla conclusione della manifestazione dei migranti<\/i>\u201d.<br \/>Alla luce di quel che avvenne quel giorno, di tutta la storia successiva, di quel che avviene oggi nel nostro paese e nel mondo c\u2019\u00e8 da disperarsi a rileggere questa dimostrazione di radicale incapacit\u00e0 di capire, di mancanza di generosit\u00e0, di coraggio, di responsabilit\u00e0 verso le persone giovani che in quei giorni si esposero ai rischi della speranza. <br \/><b>(<i>Paola Pierantoni<\/i>)<\/b><\/p>\n","protected":false},"excerpt":{"rendered":"<p>Oggi, 19 luglio 2011, ultima riunione della redazione di Oli prima delle vacanze. Impossibile per me non pensare all\u2019anniversario che rappresenta questa data: dieci anni dalla manifestazione dei migranti del G8. La mia memoria corre per\u00f2 ai giorni che la precedettero, e che furono drammatici per tutto il gruppo di persone che dal 1995 aveva [&hellip;]<\/p>\n","protected":false},"author":1,"featured_media":0,"comment_status":"closed","ping_status":"closed","sticky":false,"template":"","format":"standard","meta":{"footnotes":""},"categories":[1771,532,287,2128,345],"tags":[],"class_list":["post-3428","post","type-post","status-publish","format-standard","hentry","category-forum-antirazzista","category-g8","category-migranti","category-oli-310","category-paola-pierantoni"],"_links":{"self":[{"href":"https:\/\/www.olinews.it\/mt\/index.php?rest_route=\/wp\/v2\/posts\/3428","targetHints":{"allow":["GET"]}}],"collection":[{"href":"https:\/\/www.olinews.it\/mt\/index.php?rest_route=\/wp\/v2\/posts"}],"about":[{"href":"https:\/\/www.olinews.it\/mt\/index.php?rest_route=\/wp\/v2\/types\/post"}],"author":[{"embeddable":true,"href":"https:\/\/www.olinews.it\/mt\/index.php?rest_route=\/wp\/v2\/users\/1"}],"replies":[{"embeddable":true,"href":"https:\/\/www.olinews.it\/mt\/index.php?rest_route=%2Fwp%2Fv2%2Fcomments&post=3428"}],"version-history":[{"count":0,"href":"https:\/\/www.olinews.it\/mt\/index.php?rest_route=\/wp\/v2\/posts\/3428\/revisions"}],"wp:attachment":[{"href":"https:\/\/www.olinews.it\/mt\/index.php?rest_route=%2Fwp%2Fv2%2Fmedia&parent=3428"}],"wp:term":[{"taxonomy":"category","embeddable":true,"href":"https:\/\/www.olinews.it\/mt\/index.php?rest_route=%2Fwp%2Fv2%2Fcategories&post=3428"},{"taxonomy":"post_tag","embeddable":true,"href":"https:\/\/www.olinews.it\/mt\/index.php?rest_route=%2Fwp%2Fv2%2Ftags&post=3428"}],"curies":[{"name":"wp","href":"https:\/\/api.w.org\/{rel}","templated":true}]}}