{"id":3431,"date":"2011-07-19T16:12:00","date_gmt":"2011-07-19T15:12:00","guid":{"rendered":"http:\/\/www.olinews.it\/mt\/?p=3431"},"modified":"2011-07-19T16:12:00","modified_gmt":"2011-07-19T15:12:00","slug":"oli-310-centro-storico-la-maddalena-dimenticata","status":"publish","type":"post","link":"https:\/\/www.olinews.it\/mt\/?p=3431","title":{"rendered":"OLI 310: CENTRO STORICO &#8211; La Maddalena dimenticata?"},"content":{"rendered":"<p>Nel 2009 un bando di riqualificazione cercava di risollevare le sorti di via della Maddalena, a Genova. A fine 2010 un articolo di <i>Repubblica <\/i>rilevava che il bando era andato deserto: i pochi commercianti che resistevano denunciavano le condizioni di degrado a cui \u00e8 abbandonata la strada, scarsa illuminazione, assenza delle forze dell\u2019ordine, spaccio ( <a href=\"http:\/\/genova.repubblica.it\/cronaca\/2011\/03\/14\/news\/negozi_in_fuga_dai_vicoli_l_ultima_lacrima_della_maddalena-13577517\/\">http:\/\/genova.repubblica.it\/cronaca\/2011\/03\/14\/news\/negozi_in_fuga_dai_vicoli_l_ultima_lacrima_della_maddalena-13577517\/<\/a> ).<br \/>A febbraio 2011 l\u2019assessore alla sicurezza Scidone, durante una passeggiata organizzata dal regista Sergio Maifredi, affermava, constatando il deprimente susseguirsi di serrate \u201cE dire che abbiamo messo in campo varie iniziative, a partire dall\u2019incubatore d\u2019imprese. Servono tanti negozi normali, supermercati, fruttivendoli dove possano rifornirsi le famiglie\u201d (<i>Corriere Mercantile<\/i> 10\/2\/2011).<br \/>In effetti in questi giorni, camminando per via della Maddalena, sembra essere apparso qualche nuovo negozio, un paio di sartorie che richiamano l\u2019antico nome \u201ccontrada di sartoria\u201d, proprio perch\u00e9 quartiere specializzato in questa attivit\u00e0.<br \/>Eppure il degrado \u00e8 palpabile e commercianti ed artigiani, da soli, non possono opporsi ad esso.<br \/>Nel 2005 un articolo di Marco Preve (<a href=\"http:\/\/www.casadellalegalita.org\/index.php?option=com_content&amp;task=view&amp;id=3950&amp;Itemid=28\">http:\/\/www.casadellalegalita.org\/index.php?option=com_content&amp;task=view&amp;id=3950&amp;Itemid=28<\/a> ) analizzava le cause del degrado, che minacciava, in quegli anni, di inghiottire nuovamente una strada recentemente recuperata, grazie all\u2019apertura di locali e negozi. Certamente in questi giorni bui per la Maddalena vale la pena riprenderne i punti principali. I cosidetti \u201cpadroni dei carruggi\u201d hanno responsabilit\u00e0 non da poco nelle derive che affliggono il centro storico: Preve fa il nome di Salvatore Canfarotta \u201cSono suoi,  o comunque della sua famiglia, molti degli appartamenti della zona tra via della Maddalena e via Garibaldi dove, come raccontato nei giorni scorsi da <i>Repubblica<\/i>, si consuma l&#8217;assalto sempre pi\u00f9 massiccio della prostituzione al cuore istituzionale e nobile di Genova. Fosse solo questione di cosce e decoro, ma si dice che con gli affitti, specie quelli in nero, c&#8217;\u00e8 da guadagnare parecchio. Tanto che il prefetto ha deciso di fare un censimento delle propriet\u00e0 e di incrociare i dati con quelli del Fisco. Alcuni di questi presunti padroni dei caruggi, sono noti da sempre. Salvatore Canfarotta \u00e8 uno di loro. Una decina di anni fa, un&#8217;inchiesta lo coinvolse con il padre e la loro agenzia immobiliare. Erano accusati di sfruttamento della prostituzione sempre per la questione degli alloggi affittati a prostitute. \u00abCi hanno condannato solo per favoreggiamento e ci hanno dovuto restituire le case che ci avevano sequestrato &#8211; spiega Canfarotta sulla porta della sua attivit\u00e0 in via Canneto il Curto &#8211; ma la cosa assurda \u00e8 che tutto si basava sulle dichiarazioni di straniere, la loro parola contro la nostra, senza nessuna prova\u201d.<br \/>Tra gli altri nomi citati dal giornalista di <i>Repubblica<\/i>, Salvatore Zappone (sempre per la zona della Maddalena) e Vito Rosacuta per la zona di Pr\u00e8 (vd <a href=\"http:\/\/www.olinews.info\/2011\/07\/oli-309-via-pre-legalita-in-bianco-e.html\">OLI 309<\/a>).<br \/>La conclusione dell\u2019articolo di Preve mette a fuoco quale sia una priorit\u00e0 per fermare il degrado del centro storico: \u201cla trasparenza degli affitti, cos\u00ec come l&#8217;effettiva abitabilit\u00e0 di alcuni bassi trasformati con sorprendente rapidit\u00e0 in alloggi (un ramo dei controlli che sar\u00e0 affidato alla Polizia municipale), possono diventare i punti forti di una strategia in grado di contenere il fenomeno della prostituzione, incentivare il recupero urbanistico e al tempo stesso allontanare chi cerca di arricchirsi in barba al Fisco\u201d.<br \/>Sarebbe interessante sapere quale sia stato l&#8217;esito di questi controlli.<\/p>\n<div><b>(<i>Eleana Marullo<\/i>)<\/b><\/div>\n","protected":false},"excerpt":{"rendered":"<p>Nel 2009 un bando di riqualificazione cercava di risollevare le sorti di via della Maddalena, a Genova. A fine 2010 un articolo di Repubblica rilevava che il bando era andato deserto: i pochi commercianti che resistevano denunciavano le condizioni di degrado a cui \u00e8 abbandonata la strada, scarsa illuminazione, assenza delle forze dell\u2019ordine, spaccio ( [&hellip;]<\/p>\n","protected":false},"author":1,"featured_media":0,"comment_status":"closed","ping_status":"closed","sticky":false,"template":"","format":"standard","meta":{"footnotes":""},"categories":[469,288,2128,2054],"tags":[],"class_list":["post-3431","post","type-post","status-publish","format-standard","hentry","category-centro-storico","category-eleana-marullo","category-oli-310","category-via-della-maddalena"],"_links":{"self":[{"href":"https:\/\/www.olinews.it\/mt\/index.php?rest_route=\/wp\/v2\/posts\/3431","targetHints":{"allow":["GET"]}}],"collection":[{"href":"https:\/\/www.olinews.it\/mt\/index.php?rest_route=\/wp\/v2\/posts"}],"about":[{"href":"https:\/\/www.olinews.it\/mt\/index.php?rest_route=\/wp\/v2\/types\/post"}],"author":[{"embeddable":true,"href":"https:\/\/www.olinews.it\/mt\/index.php?rest_route=\/wp\/v2\/users\/1"}],"replies":[{"embeddable":true,"href":"https:\/\/www.olinews.it\/mt\/index.php?rest_route=%2Fwp%2Fv2%2Fcomments&post=3431"}],"version-history":[{"count":0,"href":"https:\/\/www.olinews.it\/mt\/index.php?rest_route=\/wp\/v2\/posts\/3431\/revisions"}],"wp:attachment":[{"href":"https:\/\/www.olinews.it\/mt\/index.php?rest_route=%2Fwp%2Fv2%2Fmedia&parent=3431"}],"wp:term":[{"taxonomy":"category","embeddable":true,"href":"https:\/\/www.olinews.it\/mt\/index.php?rest_route=%2Fwp%2Fv2%2Fcategories&post=3431"},{"taxonomy":"post_tag","embeddable":true,"href":"https:\/\/www.olinews.it\/mt\/index.php?rest_route=%2Fwp%2Fv2%2Ftags&post=3431"}],"curies":[{"name":"wp","href":"https:\/\/api.w.org\/{rel}","templated":true}]}}