{"id":3434,"date":"2011-07-19T16:04:00","date_gmt":"2011-07-19T15:04:00","guid":{"rendered":"http:\/\/www.olinews.it\/mt\/?p=3434"},"modified":"2011-07-19T16:04:00","modified_gmt":"2011-07-19T15:04:00","slug":"oli-310-parole-degli-occhi-dieci-anni-dopo","status":"publish","type":"post","link":"https:\/\/www.olinews.it\/mt\/?p=3434","title":{"rendered":"OLI 310: PAROLE DEGLI OCCHI \u2013 Dieci anni dopo"},"content":{"rendered":"<div style=\"text-align: center;\"><a href=\"http:\/\/3.bp.blogspot.com\/-EEnZCt4jFxE\/TiWVVGqrQlI\/AAAAAAAAAXM\/Wc-2wMUAgYs\/s1600\/P1260925.JPG\"><img decoding=\"async\" alt=\"\" border=\"0\" id=\"BLOGGER_PHOTO_ID_5631071098896073298\" src=\"http:\/\/3.bp.blogspot.com\/-EEnZCt4jFxE\/TiWVVGqrQlI\/AAAAAAAAAXM\/Wc-2wMUAgYs\/s1600\/P1260925.JPG\" style=\"display: block; margin: 0px auto 10px; text-align: center;\" \/><\/a><\/div>\n<p>Ricorre il decennale del G8 tenutosi a Genova nel luglio 2001, con un intenso programma di iniziative per ricordare la gravit\u00e0 di quei giorni cupi culminati nell\u2019uccisione di Carlo Giuliani, nella macelleria della scuola Diaz e nelle torture (*) alla caserma di Bolzaneto \u2013 con conseguenti depistaggi e mistificazioni da parte di organi dello Stato \u2013 ma che videro anche importanti occasioni di dibattito e di elaborazione di idee per \u201cun diverso mondo possibile, nonostante tutto e tutti\u201d. Momenti indimenticabili per chi vi partecip\u00f2 e su cui occorre continuare a riflettere, senza smettere di lottare per un differente modo di concepire i modelli di societ\u00e0, di ambiente, di economia, di rapporti sociali e politici in questo nostro Paese sempre pi\u00f9 devastato culturalmente, oltrech\u00e9 socialmente ed economicamente:<\/p>\n<div style=\"text-align: center;\"><a href=\"http:\/\/www.genova2011.org\/\">http:\/\/www.genova2011.org\/<\/a> <\/div>\n<div><\/div>\n<div style=\"text-align: center;\"><a href=\"http:\/\/www.globalproject.info\/\">http:\/\/www.globalproject.info\/<\/a><\/div>\n<p>Da qualche tempo, alla base del neoclassico Palazzo Serra tra Piazza Santa Sabina e Via delle Fontane, sede della facolt\u00e0 di Lingue e Letterature straniere, campeggia un variopinto murale che s\u2019apre con la citazione di uno slogan delle lotte operaie dello scorso inverno, qui dedicato a Carlo Giuliani, per proseguire con una fantasmagoria di forme e di colori il cui valore estetico innesca l\u2019ennesimo conflitto tra arte di strada e monumentali preesistenze ambientali.<\/p>\n<div><\/p>\n<div><span style=\"color: #0000ee;\"><img decoding=\"async\" alt=\"\" border=\"0\" id=\"BLOGGER_PHOTO_ID_5631071287275276914\" src=\"http:\/\/1.bp.blogspot.com\/-r3XBpP5BFRA\/TiWVgEbxynI\/AAAAAAAAAXU\/u-jmBLEH1C4\/s400\/P1260928%2B-.JPG\" style=\"cursor: pointer; display: block; height: 450px; margin-bottom: 10px; margin-left: auto; margin-right: auto; margin-top: 0px; text-align: center; width: 600px;\" \/><\/span><\/div>\n<div style=\"text-align: center;\"><span><\/span><\/p>\n<div align=\"center\" style=\"text-align: center;\"><span><span style=\"font-family: Arial,sans-serif;\">Foto di Giorgio Bergami \u00a9<span><o:p><\/o:p><\/span><\/span><\/span><\/div>\n<\/div>\n<div>(*) reato non contemplato dal Codice Penale italiano<\/div>\n<\/div>\n","protected":false},"excerpt":{"rendered":"<p>Ricorre il decennale del G8 tenutosi a Genova nel luglio 2001, con un intenso programma di iniziative per ricordare la gravit\u00e0 di quei giorni cupi culminati nell\u2019uccisione di Carlo Giuliani, nella macelleria della scuola Diaz e nelle torture (*) alla caserma di Bolzaneto \u2013 con conseguenti depistaggi e mistificazioni da parte di organi dello Stato [&hellip;]<\/p>\n","protected":false},"author":1,"featured_media":0,"comment_status":"closed","ping_status":"closed","sticky":false,"template":"","format":"standard","meta":{"footnotes":""},"categories":[20,333,532,321,2128,253],"tags":[],"class_list":["post-3434","post","type-post","status-publish","format-standard","hentry","category-citta","category-ferdinando-bonora","category-g8","category-giorgio-bergami","category-oli-310","category-parole-degli-occhi"],"_links":{"self":[{"href":"https:\/\/www.olinews.it\/mt\/index.php?rest_route=\/wp\/v2\/posts\/3434","targetHints":{"allow":["GET"]}}],"collection":[{"href":"https:\/\/www.olinews.it\/mt\/index.php?rest_route=\/wp\/v2\/posts"}],"about":[{"href":"https:\/\/www.olinews.it\/mt\/index.php?rest_route=\/wp\/v2\/types\/post"}],"author":[{"embeddable":true,"href":"https:\/\/www.olinews.it\/mt\/index.php?rest_route=\/wp\/v2\/users\/1"}],"replies":[{"embeddable":true,"href":"https:\/\/www.olinews.it\/mt\/index.php?rest_route=%2Fwp%2Fv2%2Fcomments&post=3434"}],"version-history":[{"count":0,"href":"https:\/\/www.olinews.it\/mt\/index.php?rest_route=\/wp\/v2\/posts\/3434\/revisions"}],"wp:attachment":[{"href":"https:\/\/www.olinews.it\/mt\/index.php?rest_route=%2Fwp%2Fv2%2Fmedia&parent=3434"}],"wp:term":[{"taxonomy":"category","embeddable":true,"href":"https:\/\/www.olinews.it\/mt\/index.php?rest_route=%2Fwp%2Fv2%2Fcategories&post=3434"},{"taxonomy":"post_tag","embeddable":true,"href":"https:\/\/www.olinews.it\/mt\/index.php?rest_route=%2Fwp%2Fv2%2Ftags&post=3434"}],"curies":[{"name":"wp","href":"https:\/\/api.w.org\/{rel}","templated":true}]}}