{"id":345,"date":"2005-03-23T19:06:54","date_gmt":"2005-03-23T19:06:54","guid":{"rendered":"http:\/\/www.comevedonoidaltonici.com\/wordpress\/?p=345"},"modified":"2005-03-23T19:06:54","modified_gmt":"2005-03-23T19:06:54","slug":"rebus-luniversita-sta-fallendo-o-si-sta-ingrandendo","status":"publish","type":"post","link":"https:\/\/www.olinews.it\/mt\/?p=345","title":{"rendered":"<i>Rebus<\/i>. L&#8217;universit\u00e0 sta fallendo o si sta ingrandendo?"},"content":{"rendered":"<p>Da un mese i media diffondono sull\u2019ateneo cittadino molte, e talora contrastanti, informazioni.<br \/>\nInizia \u201cil Mondo\u201d (18\/2\/05) che, illustrando i nuovi e sperimentali criteri per l\u2019assegnazione dei finanziamenti ministeriali, colloca l\u2019universit\u00e0 genovese al 14\u00b0 posto, non brillante, per\u00f2 davanti ad altri illustri atenei.<\/p>\n<p><!--more--><br \/>\n\u201cItalia oggi\u201d (22\/2\/05) illustra le forme di protesta dei docenti universitari ed il \u201cMercantile\u201d (19\/2\/05) si dilunga sull\u2019occupazione simbolica del rettorato genovese con volantinaggio. Chi \u00e8 passato dal rettorato durante la manifestazione ha potuto constatare che erano pi\u00f9 le sigle sindacali promotrici degli occupanti.<br \/>\nVittorio Coletti nell\u2019\u201dIntervento &#8211; Allarme l\u2019universit\u00e0 sta fallendo\u201d (Repubblica 6\/3\/05) precisa che l\u2019istituzione non \u00e8 in grado di far fronte a impegni e spese correnti. \u201cBisognerebbe sapere con pi\u00f9 chiarezza come e perch\u00e9 a Genova il buco \u00e8 pi\u00f9 preoccupante che altrove. Chi ne ha la responsabilit\u00e0. Da cosa \u00e8 stato provocato. Perch\u00e9 il Consiglio di Amministrazione non ne ha lanciato l\u2019allarme tempestivamente\u201d.<br \/>\nL\u2019occasione per capire la situazione potrebbe aversi in occasione della cerimonia di inaugurazione dell\u2019anno accademico celebrata il 12 marzo. I quotidiani locali, in cronaca, riportano titoli che vanno dall\u2019ottimismo allo sconforto: \u201cUniversit\u00e0: segnali positivi\u201d (il Secolo), \u201cUniversit\u00e0 al verde \u2013 Rischio Fuga di cervelli\u201d (Mercantile), \u201cUniversit\u00e0: i tagli del Rettore \u2013 conti sempre pi\u00f9 in rosso \u2013 l\u2019ateneo vara l\u2019austerity \u2013 Bignardi decide di tagliare i corsi disertati\u201d (la Repubblica). Solo il Giornale dedica uno scarno trafiletto di 22 righe all\u2019evento, forse perch\u00e9 i suoi lettori sono pi\u00f9 orientati all\u2019istruzione privata.<br \/>\nTra i cinque articoli del Mercantile uno \u00e8 dedicato all\u2019edilizia universitaria e chiarisce: \u201cNel 2005 si punta a completare l\u2019insediamento nell\u2019ex Albergo dei poveri, poi alla ristrutturazione degli edifici ex Saiwa, Villa Cambiaso, Palazzo Bellimbau, del polo di San Martino e Sturla. E\u2019 in corso di perfezionamento la procedura, gi\u00e0 avviata per il recupero dell\u2019edificio Hennebique nel porto storico per la facolt\u00e0 di ingegneria.\u201d<br \/>\nPassando davanti all\u2019ex Albergo dei poveri, ceduto all\u2019ateneo in comodato contro un salato corrispettivo, vien da pensare agli ulteriori ingentissimi costi di ristrutturazione e manutenzione straordinaria. Le due grandi gru gialle e blu, ai suoi lati, suggeriscono l\u2019idea di un\u2019installazione fuori concorso della mostra di Celant \u201cArte e architettura\u201d. Il titolo?  \u201cInvestimenti in controtendenza per insediamenti irrazionali\u201d.<br \/>\n<em>(Vittorio Flick)<\/em><\/p>\n","protected":false},"excerpt":{"rendered":"<p>Newsletter n. 51<\/p>\n","protected":false},"author":1,"featured_media":0,"comment_status":"open","ping_status":"closed","sticky":false,"template":"","format":"standard","meta":{"footnotes":""},"categories":[53,23],"tags":[],"class_list":["post-345","post","type-post","status-publish","format-standard","hentry","category-53","category-scuola-e-universita"],"_links":{"self":[{"href":"https:\/\/www.olinews.it\/mt\/index.php?rest_route=\/wp\/v2\/posts\/345","targetHints":{"allow":["GET"]}}],"collection":[{"href":"https:\/\/www.olinews.it\/mt\/index.php?rest_route=\/wp\/v2\/posts"}],"about":[{"href":"https:\/\/www.olinews.it\/mt\/index.php?rest_route=\/wp\/v2\/types\/post"}],"author":[{"embeddable":true,"href":"https:\/\/www.olinews.it\/mt\/index.php?rest_route=\/wp\/v2\/users\/1"}],"replies":[{"embeddable":true,"href":"https:\/\/www.olinews.it\/mt\/index.php?rest_route=%2Fwp%2Fv2%2Fcomments&post=345"}],"version-history":[{"count":0,"href":"https:\/\/www.olinews.it\/mt\/index.php?rest_route=\/wp\/v2\/posts\/345\/revisions"}],"wp:attachment":[{"href":"https:\/\/www.olinews.it\/mt\/index.php?rest_route=%2Fwp%2Fv2%2Fmedia&parent=345"}],"wp:term":[{"taxonomy":"category","embeddable":true,"href":"https:\/\/www.olinews.it\/mt\/index.php?rest_route=%2Fwp%2Fv2%2Fcategories&post=345"},{"taxonomy":"post_tag","embeddable":true,"href":"https:\/\/www.olinews.it\/mt\/index.php?rest_route=%2Fwp%2Fv2%2Ftags&post=345"}],"curies":[{"name":"wp","href":"https:\/\/api.w.org\/{rel}","templated":true}]}}