{"id":3457,"date":"2011-06-28T16:32:00","date_gmt":"2011-06-28T15:32:00","guid":{"rendered":"http:\/\/www.olinews.it\/mt\/?p=3457"},"modified":"2011-06-28T16:32:00","modified_gmt":"2011-06-28T15:32:00","slug":"oli-307-no-tav-quella-benna-contro-la-gente","status":"publish","type":"post","link":"https:\/\/www.olinews.it\/mt\/?p=3457","title":{"rendered":"OLI 307: NO TAV &#8211; Quella benna contro la gente"},"content":{"rendered":"<div style=\"clear: both; text-align: center;\"><a href=\"http:\/\/2.bp.blogspot.com\/-4wavlgDrYUk\/TgjYjlLWn1I\/AAAAAAAAQEw\/7H4RmZaVUDw\/s1600\/notav.JPG\" style=\"clear: left; float: left; margin-bottom: 1em; margin-right: 1em;\"><img loading=\"lazy\" decoding=\"async\" border=\"0\" height=\"298\" src=\"http:\/\/2.bp.blogspot.com\/-4wavlgDrYUk\/TgjYjlLWn1I\/AAAAAAAAQEw\/7H4RmZaVUDw\/s320\/notav.JPG\" width=\"320\" \/><\/a><\/div>\n<p>27 giugno 2011, presidio No Tav in Valsusa sgomberato dalla Polizia. Sfuggito al commento dei giornalisti \u00e8 l&#8217;operato della macchina &#8220;forbice&#8221;, che ha tagliato le strutture incurante della presenza di persone nella sua area di lavoro. Il fatto viene denunciato da Alberto Perino, leader dei No Tav, che parla senza mezze misure di un tentativo di omicidio.<br \/>Certamente si tratta di una forzatura dai risvolti penali, perch\u00e9 la legge non autorizza certo lo sfondamento di cortei usando benne gigantesche in diretta prossimit\u00e0 della testa della gente. Se ne ricava un&#8217;idea di mancanza di professionalit\u00e0 da parte della dirigenza dell&#8217;ordine pubblico, interessata solo a &#8220;far presto&#8221; senza curarsi minimamente delle possibili conseguenze di tale operato. Il ministro Maroni parla invece di uno sgombero effettuato con grande merito da parte delle forze dell&#8217;ordine.<br \/>Adesso si attende la reazione dei No Tav che, se sfocer\u00e0 in una denuncia, causer\u00e0 l&#8217;apertura di un&#8217;indagine da parte della magistratura. Di certo in questa storia resta l&#8217;immagine di una &#8220;benna&#8221; che taglia delle strutture metalliche sulle quali sono saldamente aggrappate delle persone: non \u00e8 certo l&#8217;immagine di una grande democrazia occidentale.<br \/><a href=\"http:\/\/www.youreporter.it\/video_Scontri_no_tav_infuria_la_battaglia_sassaiola_1\">http:\/\/www.youreporter.it\/video_Scontri_no_tav_infuria_la_battaglia_sassaiola_1<\/a> (la benna in azione)<br \/><a href=\"http:\/\/tv.repubblica.it\/copertina\/perino-riempiti-di-lacrimogeni-da-far-paura\/71543?video\">http:\/\/tv.repubblica.it\/copertina\/perino-riempiti-di-lacrimogeni-da-far-paura\/71543?video<\/a> (intervista a Alberto Perino, leader dei No Tav)<br \/><b>(<i>Stefano De Pietro<\/i>)<\/b><\/p>\n","protected":false},"excerpt":{"rendered":"<p>27 giugno 2011, presidio No Tav in Valsusa sgomberato dalla Polizia. Sfuggito al commento dei giornalisti \u00e8 l&#8217;operato della macchina &#8220;forbice&#8221;, che ha tagliato le strutture incurante della presenza di persone nella sua area di lavoro. Il fatto viene denunciato da Alberto Perino, leader dei No Tav, che parla senza mezze misure di un tentativo [&hellip;]<\/p>\n","protected":false},"author":1,"featured_media":0,"comment_status":"closed","ping_status":"closed","sticky":false,"template":"","format":"standard","meta":{"footnotes":""},"categories":[2146,2149,577,297],"tags":[],"class_list":["post-3457","post","type-post","status-publish","format-standard","hentry","category-no-tav","category-oli-307","category-societa","category-stefano-de-pietro"],"_links":{"self":[{"href":"https:\/\/www.olinews.it\/mt\/index.php?rest_route=\/wp\/v2\/posts\/3457","targetHints":{"allow":["GET"]}}],"collection":[{"href":"https:\/\/www.olinews.it\/mt\/index.php?rest_route=\/wp\/v2\/posts"}],"about":[{"href":"https:\/\/www.olinews.it\/mt\/index.php?rest_route=\/wp\/v2\/types\/post"}],"author":[{"embeddable":true,"href":"https:\/\/www.olinews.it\/mt\/index.php?rest_route=\/wp\/v2\/users\/1"}],"replies":[{"embeddable":true,"href":"https:\/\/www.olinews.it\/mt\/index.php?rest_route=%2Fwp%2Fv2%2Fcomments&post=3457"}],"version-history":[{"count":0,"href":"https:\/\/www.olinews.it\/mt\/index.php?rest_route=\/wp\/v2\/posts\/3457\/revisions"}],"wp:attachment":[{"href":"https:\/\/www.olinews.it\/mt\/index.php?rest_route=%2Fwp%2Fv2%2Fmedia&parent=3457"}],"wp:term":[{"taxonomy":"category","embeddable":true,"href":"https:\/\/www.olinews.it\/mt\/index.php?rest_route=%2Fwp%2Fv2%2Fcategories&post=3457"},{"taxonomy":"post_tag","embeddable":true,"href":"https:\/\/www.olinews.it\/mt\/index.php?rest_route=%2Fwp%2Fv2%2Ftags&post=3457"}],"curies":[{"name":"wp","href":"https:\/\/api.w.org\/{rel}","templated":true}]}}