{"id":3474,"date":"2011-06-21T16:04:00","date_gmt":"2011-06-21T15:04:00","guid":{"rendered":"http:\/\/www.olinews.it\/mt\/?p=3474"},"modified":"2011-06-21T16:04:00","modified_gmt":"2011-06-21T15:04:00","slug":"oli-306-societa-incivilta-stradale","status":"publish","type":"post","link":"https:\/\/www.olinews.it\/mt\/?p=3474","title":{"rendered":"OLI 306: SOCIETA&#8217; &#8211; Incivilt\u00e0 stradale"},"content":{"rendered":"<div style=\"clear: both; text-align: center;\"><a href=\"http:\/\/4.bp.blogspot.com\/-bUK85QYzCA4\/TezAaozul3I\/AAAAAAAAQEY\/6FJ6Zcrs-lM\/s1600\/handy.jpg\" style=\"clear: left; float: left; margin-bottom: 1em; margin-right: 1em;\"><img loading=\"lazy\" decoding=\"async\" border=\"0\" height=\"200\" src=\"http:\/\/4.bp.blogspot.com\/-bUK85QYzCA4\/TezAaozul3I\/AAAAAAAAQEY\/6FJ6Zcrs-lM\/s200\/handy.jpg\" width=\"186\" \/><\/a><\/div>\n<p>&#8220;Vuoi il mio posto? Prendi il mio handicap&#8221;: si tratta di una campagna contro il parcheggio abusivo nelle zone riservate ai portatori di handicap, caldeggiata da un &#8220;meetup&#8221; di Beppe Grillo a Sanremo (IM). Il biglietto, autoprodotto e utilizzato dagli attivisti del movimento di Grillo, sar\u00e0 posto nel tergicristallo delle auto posteggiate in modo irregolare, stigmatizzando su un problema molto diffuso in Italia.  L&#8217;iniziativa del meetup sanremese riprende quelle gi\u00e0 svolte in passato, segnalate in un articolo del 2006 di parcheggi.it (<a href=\"http:\/\/www.parcheggi.it\/index.php?page=viewnews.php&amp;rc=1&amp;idNews=630\">http:\/\/www.parcheggi.it\/index.php?page=viewnews.php&amp;rc=1&amp;idNews=630<\/a>).<br \/>Ed \u00e8 solo un lato della medaglia. Al problema dell&#8217;uso dei posteggi per disabili da parte dei furbetti, si aggiunge quello dell&#8217;uso delle zone a pagamento, dove in mancanza di una norma nazionale l&#8217;uso gratuito degli spazi a pagamento \u00e8 vincolato da norme contrattuali negli accordi tra comuni e concessionari, per cui si assiste a disparit\u00e0 di trattamento nei vari comuni italiani. Un primo tentativo di ordinamento \u00e8 stato fatto dalla Commissione trasporti della Camera a maggio 2011, con indicazioni chiare sull&#8217;obbligo di sosta gratuita quando gli &#8220;stalli&#8221; per disabili siano tutti occupati.<br \/>L&#8217;iniziativa del meetup sanremese non perde comunque d&#8217;attualit\u00e0: potrebbe essere un buon esempio da importare anche in altre citt\u00e0 d&#8217;Italia.<br \/><b>(<i>Stefano De Pietro<\/i>)<\/b><\/p>\n","protected":false},"excerpt":{"rendered":"<p>&#8220;Vuoi il mio posto? Prendi il mio handicap&#8221;: si tratta di una campagna contro il parcheggio abusivo nelle zone riservate ai portatori di handicap, caldeggiata da un &#8220;meetup&#8221; di Beppe Grillo a Sanremo (IM). Il biglietto, autoprodotto e utilizzato dagli attivisti del movimento di Grillo, sar\u00e0 posto nel tergicristallo delle auto posteggiate in modo irregolare, [&hellip;]<\/p>\n","protected":false},"author":1,"featured_media":0,"comment_status":"closed","ping_status":"closed","sticky":false,"template":"","format":"standard","meta":{"footnotes":""},"categories":[2166,2159,1438,577,297],"tags":[],"class_list":["post-3474","post","type-post","status-publish","format-standard","hentry","category-handicap","category-oli-306","category-parcheggi","category-societa","category-stefano-de-pietro"],"_links":{"self":[{"href":"https:\/\/www.olinews.it\/mt\/index.php?rest_route=\/wp\/v2\/posts\/3474","targetHints":{"allow":["GET"]}}],"collection":[{"href":"https:\/\/www.olinews.it\/mt\/index.php?rest_route=\/wp\/v2\/posts"}],"about":[{"href":"https:\/\/www.olinews.it\/mt\/index.php?rest_route=\/wp\/v2\/types\/post"}],"author":[{"embeddable":true,"href":"https:\/\/www.olinews.it\/mt\/index.php?rest_route=\/wp\/v2\/users\/1"}],"replies":[{"embeddable":true,"href":"https:\/\/www.olinews.it\/mt\/index.php?rest_route=%2Fwp%2Fv2%2Fcomments&post=3474"}],"version-history":[{"count":0,"href":"https:\/\/www.olinews.it\/mt\/index.php?rest_route=\/wp\/v2\/posts\/3474\/revisions"}],"wp:attachment":[{"href":"https:\/\/www.olinews.it\/mt\/index.php?rest_route=%2Fwp%2Fv2%2Fmedia&parent=3474"}],"wp:term":[{"taxonomy":"category","embeddable":true,"href":"https:\/\/www.olinews.it\/mt\/index.php?rest_route=%2Fwp%2Fv2%2Fcategories&post=3474"},{"taxonomy":"post_tag","embeddable":true,"href":"https:\/\/www.olinews.it\/mt\/index.php?rest_route=%2Fwp%2Fv2%2Ftags&post=3474"}],"curies":[{"name":"wp","href":"https:\/\/api.w.org\/{rel}","templated":true}]}}