{"id":35,"date":"2004-06-11T17:06:01","date_gmt":"2004-06-11T17:06:01","guid":{"rendered":"http:\/\/www.comevedonoidaltonici.com\/wordpress\/?p=35"},"modified":"2004-06-11T17:06:01","modified_gmt":"2004-06-11T17:06:01","slug":"luzzatto-mauri-regione-latitante-sul-futuro-dellist","status":"publish","type":"post","link":"https:\/\/www.olinews.it\/mt\/?p=35","title":{"rendered":"<i>Luzzatto-Mauri<\/i>. Regione latitante sul futuro dell&#8217;IST"},"content":{"rendered":"<p>Tutto \u00e8 bene quel che finisce bene\u2026 Cos\u00ec recita un vecchio adagio, che forse sar\u00e0 valido per il professor Lucio Luzzatto se arriver\u00e0 a conclusione l\u2019offerta giuntagli dall\u2019assessore della sanit\u00e0 della Toscana per assumere la direzione scientifica dell\u2019istituto tumori  di quella regione. Non altrettanto pu\u00f2 dirsi, per ora, a proposito dell\u2019Istituto Tumori di Genova.<\/p>\n<p><!--more--><br \/>\nIl dottor Mauri, dopo aver licenziato Luzzatto sentenzia (La Repubblica, 2 Giugno) \u201cVoglio capire cosa significa la direzione di un istituto virtuale, mentre in Liguria avrebbe potuto trovare una collocazione migliore\u201d. Purtroppo i liguri, molti lavoratori Ist e la comunit\u00e0 scientifica, ritengono che \u201cvirtuale\u201d stia diventando l\u2019Istituto Tumori di Genova, con la fattiva collaborazione di questo commissario altruista ed il colpevole silenzio delle competenti istituzioni regionali. A questo proposito si \u00e8 ancora in attesa di una risposta alle interpellanze, avanzate nelle sedi competenti, relativamente al conflitto di interessi del dottor Mauri: a meno che non sia un suo omonimo l\u2019esperto che collabora con organizzazioni sanitarie lombarde apertamente in concorrenza con l\u2019istituto genovese.<br \/>\nAnche l\u2019assessore Levaggi ha voluto commentare (Secolo 2 giugno) l\u2019offerta giunta a Luzzatto: \u201cE\u2019 una soluzione politica\u2026 sarebbe stato uno smacco se fosse andato a Milano\u201d. E\u2019 vero perch\u00e9 il laboratorio in allestimento sembra sia destinato al ministro Sirchia, quando e se ci sar\u00e0 il rimpasto governativo. Inoltre a Milano pare che gi\u00e0 operi intensamente il commissario dell\u2019Ist e, quindi, si proporrebbero nuovamente quei problemi di rapporti indicati dal dottor Levaggi, poche settimane fa,  la causa del divorzio Mauri \u2013 Luzzatto.<br \/>\nAl convegno sul futuro dell\u2019Ist, svoltosi marted\u00ec 1 giugno, la stampa ha sottolineato la partecipazione del sindaco e dei rappresentanti politici di tutti i partiti, nonostante le forti pressioni a disertare l\u2019incontro. Brillavano invece per la loro assenza i vertici ed i capi dipartimento dell\u2019Ist stesso, nonch\u00e9 l\u2019assessore alla sanit\u00e0 e il presidente Biasotti. Assenze e silenzi che la dicono lunga circa l\u2019impegno di questi signori in difesa dell\u2019istituto che porta avanti nella nostra citt\u00e0 ricerca, prevenzione e cura dei tumori.<\/p>\n","protected":false},"excerpt":{"rendered":"<p>Newsletter n\u00b020<\/p>\n","protected":false},"author":1,"featured_media":0,"comment_status":"closed","ping_status":"closed","sticky":false,"template":"","format":"standard","meta":{"footnotes":""},"categories":[19,9],"tags":[],"class_list":["post-35","post","type-post","status-publish","format-standard","hentry","category-19","category-salute"],"_links":{"self":[{"href":"https:\/\/www.olinews.it\/mt\/index.php?rest_route=\/wp\/v2\/posts\/35","targetHints":{"allow":["GET"]}}],"collection":[{"href":"https:\/\/www.olinews.it\/mt\/index.php?rest_route=\/wp\/v2\/posts"}],"about":[{"href":"https:\/\/www.olinews.it\/mt\/index.php?rest_route=\/wp\/v2\/types\/post"}],"author":[{"embeddable":true,"href":"https:\/\/www.olinews.it\/mt\/index.php?rest_route=\/wp\/v2\/users\/1"}],"replies":[{"embeddable":true,"href":"https:\/\/www.olinews.it\/mt\/index.php?rest_route=%2Fwp%2Fv2%2Fcomments&post=35"}],"version-history":[{"count":0,"href":"https:\/\/www.olinews.it\/mt\/index.php?rest_route=\/wp\/v2\/posts\/35\/revisions"}],"wp:attachment":[{"href":"https:\/\/www.olinews.it\/mt\/index.php?rest_route=%2Fwp%2Fv2%2Fmedia&parent=35"}],"wp:term":[{"taxonomy":"category","embeddable":true,"href":"https:\/\/www.olinews.it\/mt\/index.php?rest_route=%2Fwp%2Fv2%2Fcategories&post=35"},{"taxonomy":"post_tag","embeddable":true,"href":"https:\/\/www.olinews.it\/mt\/index.php?rest_route=%2Fwp%2Fv2%2Ftags&post=35"}],"curies":[{"name":"wp","href":"https:\/\/api.w.org\/{rel}","templated":true}]}}