{"id":350,"date":"2005-03-23T19:31:56","date_gmt":"2005-03-23T19:31:56","guid":{"rendered":"http:\/\/www.comevedonoidaltonici.com\/wordpress\/?p=350"},"modified":"2005-03-23T19:31:56","modified_gmt":"2005-03-23T19:31:56","slug":"sondaggi-il-padre-spodestato-da-sua-emittenza","status":"publish","type":"post","link":"https:\/\/www.olinews.it\/mt\/?p=350","title":{"rendered":"<i>Sondaggi<\/i>. Il padre spodestato da sua emittenza"},"content":{"rendered":"<p>Il rischio \u00e8 di scivolare nella retorica o nel moralismo; ma liquidare con un\u2019alzata di spalle l\u2019ultima scoperta sondaggistica su quanto i giovani sarebbero delusi dai propri padri \u00e8 forse troppo sbrigativo. Che meno del 10 per cento del campione (modestino: poco pi\u00f9 di cento intervistati da Eta Meta Research) sia insoddisfatto della figura paterna, potrebbe perfino essere letto come un dato positivo, un segno di distacco, di ricerca di autonomia dal ruolo genitoriale sempre incombente. Ma se andiamo a leggere le motivazioni c\u2019\u00e8 di che intristirsi.<\/p>\n<p><!--more--><br \/>\nI ragazzi -tutti tra 15 e 24 anni- non lamentano di essere stati trascurati o trattati con autoritarismo (al contrario, il concetto arcaico di patria potest\u00e0 sembra davvero sostituito da un rapporto di tipo compagnesco); ma rimproverano ai padri tutt\u2019altre cose: primo, non avere \u201csfondato\u201d, non aver fatto carriera, soldi, fortuna, non essere diventati ricchi e famosi. Insomma, colpevoli di non essersi \u201crealizzati\u201d, come si dice? No, colpevoli di non lasciare un radioso avvenire ai figli.<br \/>\nEloquente, al riguardo, \u00e8 il modello di padre che gli intervistati avrebbero desiderato: in testa Bonolis, massimo interprete del lunaparkismo tv, seguito da Sua Emittenza,  quindi il ministro inquisito Sirchia, quarto il turbo-presidente, Montezemolo. Scelte dove l\u2019influsso mediatico \u00e8 cos\u00ec evidente, da suggerire qualche riflessione sul ruolo perverso svolto dal pi\u00f9 seguito mezzo della cultura di massa. Basta accendere in qualsiasi ora il video, per aver la misura -dalla pubblicit\u00e0 ai grandi fratelli, dalle Lecciso alle Defilippi, fino alle manipolazioni dei tg padronali- di quale sia il degrado. E nessuno pu\u00f2 scambiare per snobismi intellettuali gli allarmi per il progressivo appiattimento dei programmi, la disgregazione e l\u2019irrisione dei valori civili, la violenza e la furbizia proposti come modelli vincenti. Con ricadute pesantissime sui meno difesi, quali i ragazzi.<br \/>\nLa mutazione \u201cantropologica\u201d paventata con grande anticipo da Pasolini \u00e8 in corso. Uno dei primi segnali dei guasti indotti venne in luce con un vecchio sondaggio, di almeno un decennio fa, quando un campione di scolari, interrogati sulla figura a loro avviso pi\u00f9 popolare, mise al primo posto Berlusconi, secondo Ges\u00f9 Cristo. Ma allora anche la Chiesa fece finta di niente. Per non parlare di chi, tra i laici, sottovalut\u00f2 il conflitto di interessi.<br \/>\n<em>(Camillo Arcuri)<\/em><\/p>\n","protected":false},"excerpt":{"rendered":"<p>Newsletter n. 51<\/p>\n","protected":false},"author":1,"featured_media":0,"comment_status":"open","ping_status":"closed","sticky":false,"template":"","format":"standard","meta":{"footnotes":""},"categories":[53],"tags":[],"class_list":["post-350","post","type-post","status-publish","format-standard","hentry","category-53"],"_links":{"self":[{"href":"https:\/\/www.olinews.it\/mt\/index.php?rest_route=\/wp\/v2\/posts\/350","targetHints":{"allow":["GET"]}}],"collection":[{"href":"https:\/\/www.olinews.it\/mt\/index.php?rest_route=\/wp\/v2\/posts"}],"about":[{"href":"https:\/\/www.olinews.it\/mt\/index.php?rest_route=\/wp\/v2\/types\/post"}],"author":[{"embeddable":true,"href":"https:\/\/www.olinews.it\/mt\/index.php?rest_route=\/wp\/v2\/users\/1"}],"replies":[{"embeddable":true,"href":"https:\/\/www.olinews.it\/mt\/index.php?rest_route=%2Fwp%2Fv2%2Fcomments&post=350"}],"version-history":[{"count":0,"href":"https:\/\/www.olinews.it\/mt\/index.php?rest_route=\/wp\/v2\/posts\/350\/revisions"}],"wp:attachment":[{"href":"https:\/\/www.olinews.it\/mt\/index.php?rest_route=%2Fwp%2Fv2%2Fmedia&parent=350"}],"wp:term":[{"taxonomy":"category","embeddable":true,"href":"https:\/\/www.olinews.it\/mt\/index.php?rest_route=%2Fwp%2Fv2%2Fcategories&post=350"},{"taxonomy":"post_tag","embeddable":true,"href":"https:\/\/www.olinews.it\/mt\/index.php?rest_route=%2Fwp%2Fv2%2Ftags&post=350"}],"curies":[{"name":"wp","href":"https:\/\/api.w.org\/{rel}","templated":true}]}}