{"id":3503,"date":"2011-05-31T16:28:00","date_gmt":"2011-05-31T15:28:00","guid":{"rendered":"http:\/\/www.olinews.it\/mt\/?p=3503"},"modified":"2011-05-31T16:28:00","modified_gmt":"2011-05-31T15:28:00","slug":"oli-303-scuola-la-don-milani-narrata-al-ministro","status":"publish","type":"post","link":"https:\/\/www.olinews.it\/mt\/?p=3503","title":{"rendered":"OLI 303: SCUOLA  &#8211; La Don Milani narrata al Ministro"},"content":{"rendered":"<div>\n<div style=\"clear: both; text-align: center;\"><a href=\"http:\/\/1.bp.blogspot.com\/-1fwkRi2W8K0\/TeUPZaWF0AI\/AAAAAAAAAUk\/PRlcFBiSR8M\/s1600\/gio_HPIM6608.jpg\" style=\"clear: left; float: left; margin-bottom: 1em; margin-right: 1em;\"><img loading=\"lazy\" decoding=\"async\" border=\"0\" height=\"300\" src=\"http:\/\/1.bp.blogspot.com\/-1fwkRi2W8K0\/TeUPZaWF0AI\/AAAAAAAAAUk\/PRlcFBiSR8M\/s400\/gio_HPIM6608.jpg\" width=\"400\" \/><\/a><\/div>\n<p>E\u2019 notizia recente che il progetto della scuola media Don Milani di Genova possa essere privato delle risorse che ne alimentano l\u2019esistenza. Un Consiglio Comunale nella giornata di oggi 31 maggio sancir\u00e0 con parole politiche ci\u00f2 che assolutamente non deve succedere.<\/p><\/div>\n<div>Altra cosa \u00e8 spiegare perch\u00e9 la scelta dei tagli, se confermata, \u00e8 sbagliata.<\/div>\n<div>Si potrebbe fare un collage, utilizzando colori, fotografie, foglie secche, sabbia, ritagli di giornale, simili a quelli che i ragazzi della Don Milani raccolgono durante le vacanze estive per dare un senso didattico alla propria estate. Perch\u00e9 quella scuola li stana e li stimola, anche se non ne hanno voglia, anche in vacanza, anche se, per alcuni, di vacanze non si parla.<\/div>\n<div>Nel collage, a pioggia, qualche istantanea delle riunioni di classe, a sciogliere i nodi di situazioni difficili che, alla Don Milani, sono talvolta di casa. <\/div>\n<div>\n<div style=\"clear: both; text-align: center;\"><a href=\"http:\/\/1.bp.blogspot.com\/-Gw9MWJOLnag\/TeUPqoh0fQI\/AAAAAAAAAUo\/G53hp_M-joQ\/s1600\/gio_HPIM6615.jpg\" style=\"clear: right; float: right; margin-bottom: 1em; margin-left: 1em;\"><img loading=\"lazy\" decoding=\"async\" border=\"0\" height=\"300\" src=\"http:\/\/1.bp.blogspot.com\/-Gw9MWJOLnag\/TeUPqoh0fQI\/AAAAAAAAAUo\/G53hp_M-joQ\/s400\/gio_HPIM6615.jpg\" width=\"400\" \/><\/a><\/div>\n<p>A Mariastella Gelmini si potrebbe spedire il fotogramma del Cineforum, organizzato nelle classi e provare a spiegare perch\u00e9 un ragazzino di tredici anni \u00e8 in grado di commentare film come <i style=\"mso-bidi-font-style: normal;\">Salaam Bombay<\/i>,  <i style=\"mso-bidi-font-style: normal;\">Persepolis <\/i>o <i style=\"mso-bidi-font-style: normal;\">Viaggio alla Mecca.<\/i> E spiegare al Ministro che la geografia si pu\u00f2 arricchire con<st1:personname product st=\"on\"> Mondialit\u00e0<\/st1:personname>, materia attraverso la quale si spiega agli alunni \u2013 con tabelle e statistiche \u2013 lo stato di vita nei paesi pi\u00f9 poveri del mondo. Poi raccontarle dei corsi di recupero, del potenziamento pomeridiano di inglese e dei laboratori di arte, con visite a musei e mostre.  E dei viaggi in Francia e dei laboratori teatrali. E anche dei lunghi viaggi in autobus di insegnanti di ginnastica e alunni, per fare nuoto.<\/div>\n<div>Al Ministro spiegare che per i genitori scegliere <st1:personname product st=\"on\"><st1:personname product st=\"on\">la   Don<\/st1:personname> Milani<\/st1:personname> \u00e8 aderire a un percorso, fatto di integrazione, cultura, disponibilit\u00e0, ascolto, tolleranza. <\/div>\n<div><a href=\"http:\/\/2.bp.blogspot.com\/-D-P7zURrz6E\/TeUQODLuikI\/AAAAAAAAAUs\/jtPDPVne4Kg\/s1600\/gio_HPIM6624.jpg\" style=\"clear: left; float: left; margin-bottom: 1em; margin-right: 1em;\"><img loading=\"lazy\" decoding=\"async\" border=\"0\" height=\"300\" src=\"http:\/\/2.bp.blogspot.com\/-D-P7zURrz6E\/TeUQODLuikI\/AAAAAAAAAUs\/jtPDPVne4Kg\/s400\/gio_HPIM6624.jpg\" style=\"cursor: move;\" width=\"400\" \/><\/a>Aggiungere che alla Don Milani il conflitto tra i ragazzi esiste, perch\u00e9 essere adolescenti e stranieri, oggi, \u00e8 molto difficile. Ma che il razzismo, nelle sue molte sfumature, \u00e8 messo alla porta dagli alunni stessi che imparano, proprio l\u00ec, a tenerlo alla larga, a riconoscerlo e a combatterlo. <\/div>\n<div>E raccontare al Ministro dell\u2019energia che ogni professore investe quando \u00e8 supportato ed \u00e8 parte di un gruppo e di un progetto.<br \/>Dire a Mariastella Gelmini che ogni risorsa sottratta ad un giovane studente, lo render\u00e0 cittadino peggiore. E che mettere lapidi sui progetti eccellenti di questo paese rende un pessimo servizio agli italiani e, politicamente, al governo in carica.<\/div>\n<div>Raccontare al Ministro di Carlo Mereta, professore della Don Milani, mancato nel 2009 che ripeteva \u201cla scuola non dovrebbe chiudere mai\u201d.<\/div>\n<div>Provare a smussare quell\u2019inflessibilit\u00e0 che rende il<st1:personname product st=\"on\"> Ministro<\/st1:personname> astro di un governo perdente e chiederle: <\/div>\n<div>\u201cMa lei, che ha pubblicato una raccolta di favole, come mi spiega che oggi mio figlio ha sottratto dalla libreria di casa  <i style=\"mso-bidi-font-style: normal;\">Se questo \u00e8 un uomo<\/i>?\u201d<\/div>\n<div><o:p> <\/o:p><b>(<i>Giovanna Profumo<\/i>)<\/b><\/div>\n","protected":false},"excerpt":{"rendered":"<p>E\u2019 notizia recente che il progetto della scuola media Don Milani di Genova possa essere privato delle risorse che ne alimentano l\u2019esistenza. Un Consiglio Comunale nella giornata di oggi 31 maggio sancir\u00e0 con parole politiche ci\u00f2 che assolutamente non deve succedere. Altra cosa \u00e8 spiegare perch\u00e9 la scelta dei tagli, se confermata, \u00e8 sbagliata. Si [&hellip;]<\/p>\n","protected":false},"author":1,"featured_media":0,"comment_status":"closed","ping_status":"closed","sticky":false,"template":"","format":"standard","meta":{"footnotes":""},"categories":[1804,304,2183,2180,312],"tags":[],"class_list":["post-3503","post","type-post","status-publish","format-standard","hentry","category-don-milani","category-giovanna-profumo","category-mariastella-gelmini","category-oli-303","category-scuola"],"_links":{"self":[{"href":"https:\/\/www.olinews.it\/mt\/index.php?rest_route=\/wp\/v2\/posts\/3503","targetHints":{"allow":["GET"]}}],"collection":[{"href":"https:\/\/www.olinews.it\/mt\/index.php?rest_route=\/wp\/v2\/posts"}],"about":[{"href":"https:\/\/www.olinews.it\/mt\/index.php?rest_route=\/wp\/v2\/types\/post"}],"author":[{"embeddable":true,"href":"https:\/\/www.olinews.it\/mt\/index.php?rest_route=\/wp\/v2\/users\/1"}],"replies":[{"embeddable":true,"href":"https:\/\/www.olinews.it\/mt\/index.php?rest_route=%2Fwp%2Fv2%2Fcomments&post=3503"}],"version-history":[{"count":0,"href":"https:\/\/www.olinews.it\/mt\/index.php?rest_route=\/wp\/v2\/posts\/3503\/revisions"}],"wp:attachment":[{"href":"https:\/\/www.olinews.it\/mt\/index.php?rest_route=%2Fwp%2Fv2%2Fmedia&parent=3503"}],"wp:term":[{"taxonomy":"category","embeddable":true,"href":"https:\/\/www.olinews.it\/mt\/index.php?rest_route=%2Fwp%2Fv2%2Fcategories&post=3503"},{"taxonomy":"post_tag","embeddable":true,"href":"https:\/\/www.olinews.it\/mt\/index.php?rest_route=%2Fwp%2Fv2%2Ftags&post=3503"}],"curies":[{"name":"wp","href":"https:\/\/api.w.org\/{rel}","templated":true}]}}