{"id":3535,"date":"2011-05-10T16:46:00","date_gmt":"2011-05-10T15:46:00","guid":{"rendered":"http:\/\/www.olinews.it\/mt\/?p=3535"},"modified":"2011-05-10T16:46:00","modified_gmt":"2011-05-10T15:46:00","slug":"oli-300-nucleare-una-risposta-semplice","status":"publish","type":"post","link":"https:\/\/www.olinews.it\/mt\/?p=3535","title":{"rendered":"OLI 300: NUCLEARE &#8211; Una risposta semplice"},"content":{"rendered":"<div style=\"clear: both; text-align: center;\"><a href=\"http:\/\/3.bp.blogspot.com\/-FtortrhA2e0\/TadLKGFSZjI\/AAAAAAAAQBY\/rcgPodeJQaQ\/s1600\/energianucleare.jpg\" style=\"clear: left; float: left; margin-bottom: 1em; margin-right: 1em;\"><img loading=\"lazy\" decoding=\"async\" border=\"0\" height=\"200\" src=\"http:\/\/3.bp.blogspot.com\/-FtortrhA2e0\/TadLKGFSZjI\/AAAAAAAAQBY\/rcgPodeJQaQ\/s200\/energianucleare.jpg\" width=\"198\" \/><\/a><\/div>\n<p>Faccio riferimento all&#8217;articolo di <a href=\"http:\/\/www.olinews.info\/2011\/04\/oli-298-lettere-proposito-di-nucleare.html\">Maurizio Montecucco su Oli 298<\/a>, che ho letto con attenzione e che, naturalmente, non smuove la mia convinzione che la soluzione nucleare a fissione sia da scartare. Non tanto per i rischi legati al suo &#8220;normale&#8221; funzionamento (eludendo per\u00f2 come d&#8217;uso tra i fautori del nucleare, una serie di importanti fattori negativi dimenticati nei dibattiti, elencati pi\u00f9 avanti), quanto per l&#8217;effetto devastante delle condizioni considerate &#8220;incredibili&#8221; dai progettisti, invece regolarmente verificatesi tre volte in trent&#8217;anni. Se un evento &#8220;top&#8221; viene escluso nelle analisi di rischio quando la sua aspettativa di accadimento \u00e8 inferiore a 1&#215;10-8 (si usa 1&#215;10-6 come limite di credibilit\u00e0 nel settore petrolchimico ricadente nella normativa &#8220;Seveso&#8221;), mi chiedo come sia possibile che sia accaduto nella realt\u00e0 con una frequenza statistica di 1&#215;10-1 (un evento ogni 10 anni). Evidentemente qualcosa non funziona nella metodologia impiegata per la messa in sicurezza delle centrali, tanto meno nella tecnologia che si \u00e8 dimostrata cos\u00ec fragile. Lo stesso Prof. Rubbia in un&#8217;intervista ha messo in dubbio la validit\u00e0 dell&#8217;analisi affidabilistica basata sulle tecniche attuali, quando si tratti di calcolare la sicurezza di impianti che, in caso di incidente, possono arrivare a mettere in pericolo la vita su intere aree del pianeta. A me sembra che si stia giocando con un fuoco troppo grande per essere tenuto sotto controllo per sempre, non ne siamo capaci. L&#8217;esposizione dei vantaggi del nucleare elencati nella sua lettera non parlano di quando l&#8217;impianto si rompe: a quel punto, del costo del kilowattora o della CO2 potrebbe interessare poco pi\u00f9 di nulla.<br \/>Inoltre, i ragionamenti, i calcoli, la politica e le ragioni da lei portate a difesa del nucleare non tengono conto e non parlano affatto del problema delle scorie, della produzione del combustibile, dello smantellamento, che sono argomenti che attraverseranno la storia ben oltre la prossima generazione, lasciando un&#8217;eredit\u00e0 di potenziale inquinamento a fronte di una grande incertezza su quelli che potranno essere gli scenari politici e sociali che aspettano l&#8217;umanit\u00e0.<br \/>Gli italiani si sono gi\u00e0 espressi in passato dicendo di no, e non sar\u00e0 certo la vampata di preoccupazione di Fukushima la causa della resistenza che ancora oggi si esprime forte e chiara contro il nuovo exploit nucleare di questo governo. Certo, la produzione di energia centralizzata \u00e8 un obbligo per una classe politica legata al mondo industriale, anzi, industriale essa stessa, non si potrebbe tollerare che alcuno si faccia la sua corrente come crede, contento di limitare i propri consumi di fronte ad una impossibilit\u00e0 materiale di produrre di pi\u00f9 ma in autonomia. Mentre quando la produzione viene sempre e comunque demandata a chi ne fa il business istituzionale, \u00e8 chiaro che l&#8217;interesse sia quello di massimizzare i consumi ignorando totalmente la formazione delle persone al risparmio, a cominciare dalle scuole. Lampade a led ignorate, luci sempre accese in centri commerciali, scuole, uffici pubblici, interi palazzi di uffici, solo perch\u00e9 ormai nessuno sa pi\u00f9 dove si trova l&#8217;interruttore, sono i sintomi di uno stato catatonico dei consumatori. E quando non sono i consumatori a consumare, sono gli apparecchi che nello stato &#8220;stand-by&#8221; consumano molto pi\u00f9 di quanto l&#8217;UE aveva richiesto, su questo come sapr\u00e0 ci sono in corso inchieste.<br \/>Renda i consumatori produttori per s\u00e9 stessi e ne vedremo delle belle. Via il monopolio Enel, via il nucleare, un&#8217;equazione quasi perfetta.<\/p>\n<hr \/>\n<p>Intervista a Rubbia<b>&nbsp;<\/b><a href=\"http:\/\/www.youtube.com\/watch?v=ZfV8ZXIWNEk\">http:\/\/www.youtube.com\/watch?v=ZfV8ZXIWNEk<\/a><br \/>Consumo stand-by&nbsp;<a href=\"http:\/\/www.iljournal.it\/2011\/troppo-dormire-impoverire-evitare-sprechi-energetici\/202637\">http:\/\/www.iljournal.it\/2011\/troppo-dormire-impoverire-evitare-sprechi-energetici\/202637<\/a><\/p>\n<hr \/>\n<p><b>(<i>Stefano De Pietro<\/i>)<\/b><\/p>\n<p><\/p>\n<div><\/div>\n","protected":false},"excerpt":{"rendered":"<p>Faccio riferimento all&#8217;articolo di Maurizio Montecucco su Oli 298, che ho letto con attenzione e che, naturalmente, non smuove la mia convinzione che la soluzione nucleare a fissione sia da scartare. Non tanto per i rischi legati al suo &#8220;normale&#8221; funzionamento (eludendo per\u00f2 come d&#8217;uso tra i fautori del nucleare, una serie di importanti fattori [&hellip;]<\/p>\n","protected":false},"author":1,"featured_media":0,"comment_status":"closed","ping_status":"closed","sticky":false,"template":"","format":"standard","meta":{"footnotes":""},"categories":[2204,1188,1949,2200,312,577,297],"tags":[],"class_list":["post-3535","post","type-post","status-publish","format-standard","hentry","category-maurizio-montecucco","category-nucleare","category-oli-298","category-oli-300","category-scuola","category-societa","category-stefano-de-pietro"],"_links":{"self":[{"href":"https:\/\/www.olinews.it\/mt\/index.php?rest_route=\/wp\/v2\/posts\/3535","targetHints":{"allow":["GET"]}}],"collection":[{"href":"https:\/\/www.olinews.it\/mt\/index.php?rest_route=\/wp\/v2\/posts"}],"about":[{"href":"https:\/\/www.olinews.it\/mt\/index.php?rest_route=\/wp\/v2\/types\/post"}],"author":[{"embeddable":true,"href":"https:\/\/www.olinews.it\/mt\/index.php?rest_route=\/wp\/v2\/users\/1"}],"replies":[{"embeddable":true,"href":"https:\/\/www.olinews.it\/mt\/index.php?rest_route=%2Fwp%2Fv2%2Fcomments&post=3535"}],"version-history":[{"count":0,"href":"https:\/\/www.olinews.it\/mt\/index.php?rest_route=\/wp\/v2\/posts\/3535\/revisions"}],"wp:attachment":[{"href":"https:\/\/www.olinews.it\/mt\/index.php?rest_route=%2Fwp%2Fv2%2Fmedia&parent=3535"}],"wp:term":[{"taxonomy":"category","embeddable":true,"href":"https:\/\/www.olinews.it\/mt\/index.php?rest_route=%2Fwp%2Fv2%2Fcategories&post=3535"},{"taxonomy":"post_tag","embeddable":true,"href":"https:\/\/www.olinews.it\/mt\/index.php?rest_route=%2Fwp%2Fv2%2Ftags&post=3535"}],"curies":[{"name":"wp","href":"https:\/\/api.w.org\/{rel}","templated":true}]}}