{"id":354,"date":"2005-04-01T23:29:19","date_gmt":"2005-04-01T23:29:19","guid":{"rendered":"http:\/\/www.comevedonoidaltonici.com\/wordpress\/?p=354"},"modified":"2005-04-01T23:29:19","modified_gmt":"2005-04-01T23:29:19","slug":"iniziative-a-qualcuno-interessa-linformazione-rai","status":"publish","type":"post","link":"https:\/\/www.olinews.it\/mt\/?p=354","title":{"rendered":"<i>Iniziative<\/i>. A qualcuno interessa l&#8217;informazione Rai?"},"content":{"rendered":"<p>A Genova si \u00e8 parlato in tre iniziative ravvicinate di informazione e di costituzione.<br \/>\nNulla che tenesse insieme gli incontri che, come accade spesso per le festicciole di bambini della stessa classe, si sono svolti sempre in luoghi diversi, in due giorni diversi ed in un caso specifico allo stesso giorno e alla stessa ora.<\/p>\n<p><!--more--><br \/>\nLa prima iniziativa, luned\u00ec 21 marzo \u00e8 stata promossa dal comitato di redazione della testata Giornalistica Regionale della RAI. Si \u00e8 trattato di un invito ai tre candidati alla regione affinch\u00e9 si facciano carico dei gravi problemi in cui versa la RAI per finanziamenti, sostegno alle sedi regionali, separazione dall\u2019influenza dei partiti, diritto all\u2019informazione e autonomia.<br \/>\nTV dei Land tedeschi, digitale terrestre, prodotto, federalismo fiscale, privatizzazione, soggetto pubblico: questioni appena sfiorate durante un incontro comprensibile solo ad addetti ai lavori e politici, in cui risposte e proposte sembravano far parte di un discorso scollegato, totalmente privo di soluzioni. Percepita nello sfondo la paura che, con la privatizzazione della RAI, presto si porr\u00e0 il problema esuberi. Nessuno dei giornalisti presenti ha toccato il nervo scoperto della manipolazione e della censura di cui non mancano esempi anche in ambito di TG regionali.\u201cLa Rai regionale\u201d immaginata da Claudio Burlando \u201cpu\u00f2 contribuire alla formazione del processo turistico della Liguria\u201d, diventando \u201cuno strumento di promozione delle attivit\u00e0 turistiche\u201d.<br \/>\nDi altro spessore l\u2019incontro di marted\u00ec 22 marzo con Dario Vergassola e Marco Travaglio promosso dal Movimento Universit\u00e0 Opinione di Alessandro Morelli,  unico politico in sala Mino Ronzitti. Il comico ha parlato senza esitazioni di \u201cautocensura\u201d, di direttori RAI \u201carrabbiati\u201d, di paura \u201cche ti levino il posto\u201d. Il giornalista ha descritto \u201ci pezzi di realt\u00e0 inesistente che vanno a reti unificate\u201d, passando da Vespa a Floris: \u201cOggi diciamo meno male che c\u2019\u00e8 Ballar\u00f2\u2026Ma se pensiamo alla TV di quattro anni fa, quella di Santoro, diciamo meno male che c\u2019\u00e8 Ballar\u00f2 con una tristezza pazzesca!  Floris non passa mai una notizia nemmeno per sbaglio!\u201d. Il caso Buttiglione ha preso corpo nella sua interezza, \u201cGli hanno fatto tre domande di cui era al corrente cinque giorni prima! Gli hanno chiesto come potesse aspirare alla commissione giustizia dopo quello che aveva dichiarato sui gay, avendo un capo di gabinetto arrestato per truffa, come potesse aspirare alla giustizia insegnando in un paradiso fiscale\u2026 L\u2019accanimento religioso non c\u2019era proprio, anche il paradiso fiscale non c\u2019entrava niente con la religione!\u201d, per arrivare all\u2019analisi spietata del caso Sgrena: \u201cCalipari \u00e8 morto perch\u00e9 \u00e8 stato pagato un riscatto! E non l\u2019abbiamo detto! Che cosa avrebbe fatto la BBC?\u201d.<br \/>\nNello  stesso giorno e alla stessa ora al teatro Modena il requiem per la Costituzione.<br \/>\nProviamo ora ad immaginare queste tre iniziative in una giornata, in una sola sede, allo stesso orario, con un numero superiore a quattro di giornalisti coraggiosi, e con un numero superiore a tre di politici spinti da devozione per la verit\u00e0. Proviamo a sognare. Sarebbe un bella partenza ovunque si volesse andare.<br \/>\n(Giulia Parodi)<\/p>\n","protected":false},"excerpt":{"rendered":"<p>Newsletter n. 52<\/p>\n","protected":false},"author":1,"featured_media":0,"comment_status":"open","ping_status":"closed","sticky":false,"template":"","format":"standard","meta":{"footnotes":""},"categories":[54,13],"tags":[],"class_list":["post-354","post","type-post","status-publish","format-standard","hentry","category-54","category-informazione"],"_links":{"self":[{"href":"https:\/\/www.olinews.it\/mt\/index.php?rest_route=\/wp\/v2\/posts\/354","targetHints":{"allow":["GET"]}}],"collection":[{"href":"https:\/\/www.olinews.it\/mt\/index.php?rest_route=\/wp\/v2\/posts"}],"about":[{"href":"https:\/\/www.olinews.it\/mt\/index.php?rest_route=\/wp\/v2\/types\/post"}],"author":[{"embeddable":true,"href":"https:\/\/www.olinews.it\/mt\/index.php?rest_route=\/wp\/v2\/users\/1"}],"replies":[{"embeddable":true,"href":"https:\/\/www.olinews.it\/mt\/index.php?rest_route=%2Fwp%2Fv2%2Fcomments&post=354"}],"version-history":[{"count":0,"href":"https:\/\/www.olinews.it\/mt\/index.php?rest_route=\/wp\/v2\/posts\/354\/revisions"}],"wp:attachment":[{"href":"https:\/\/www.olinews.it\/mt\/index.php?rest_route=%2Fwp%2Fv2%2Fmedia&parent=354"}],"wp:term":[{"taxonomy":"category","embeddable":true,"href":"https:\/\/www.olinews.it\/mt\/index.php?rest_route=%2Fwp%2Fv2%2Fcategories&post=354"},{"taxonomy":"post_tag","embeddable":true,"href":"https:\/\/www.olinews.it\/mt\/index.php?rest_route=%2Fwp%2Fv2%2Ftags&post=354"}],"curies":[{"name":"wp","href":"https:\/\/api.w.org\/{rel}","templated":true}]}}