{"id":3542,"date":"2011-05-03T12:16:00","date_gmt":"2011-05-03T11:16:00","guid":{"rendered":"http:\/\/www.olinews.it\/mt\/?p=3542"},"modified":"2011-05-03T12:16:00","modified_gmt":"2011-05-03T11:16:00","slug":"oli-299-parole-ed-emozioni-morte-di-osama","status":"publish","type":"post","link":"https:\/\/www.olinews.it\/mt\/?p=3542","title":{"rendered":"OLI 299: PAROLE ED EMOZIONI \u2013 Morte di Osama"},"content":{"rendered":"<p>Un premio Nobel per la pace, Obama,<br \/>Presidente degli Stati Uniti d\u2019America,<br \/>non pu\u00f2 dire \u201cgiustizia \u00e8 fatta\u201d (ansa),<br \/>nel comunicare al mondo che una pianta<br \/>di male \u00e8 stata eliminata. Con una moglie,<br \/>due bambini non coinvolti, alcuni uomini e donne,<br \/>guardie del corpo, di cui mai sapremo nomi e numeri.<br \/>\u00c8 questione di linguaggio. \u00c8 questione di umanit\u00e0.<br \/>Non c\u2019entra l\u2019utilit\u00e0 politica, n\u00e9 la buona politica.<br \/>Deve trovare un altro linguaggio un Presidente,<br \/>deciso e amato, premio Nobel e per la pace.<br \/>Altrimenti \u00e8 un misero premio Nobel.<br \/>Da primitivo West e di tempi che speravamo andati.<br \/><b>(<i>Angelo Guarnieri<\/i>)<\/b><\/p>\n","protected":false},"excerpt":{"rendered":"<p>Un premio Nobel per la pace, Obama,Presidente degli Stati Uniti d\u2019America,non pu\u00f2 dire \u201cgiustizia \u00e8 fatta\u201d (ansa),nel comunicare al mondo che una piantadi male \u00e8 stata eliminata. Con una moglie,due bambini non coinvolti, alcuni uomini e donne,guardie del corpo, di cui mai sapremo nomi e numeri.\u00c8 questione di linguaggio. \u00c8 questione di umanit\u00e0.Non c\u2019entra l\u2019utilit\u00e0 [&hellip;]<\/p>\n","protected":false},"author":1,"featured_media":0,"comment_status":"closed","ping_status":"closed","sticky":false,"template":"","format":"standard","meta":{"footnotes":""},"categories":[1819,1910,741,2206,1040],"tags":[],"class_list":["post-3542","post","type-post","status-publish","format-standard","hentry","category-angelo-guarnieri","category-mondo-arabo","category-obama","category-oli-299","category-terrorismo"],"_links":{"self":[{"href":"https:\/\/www.olinews.it\/mt\/index.php?rest_route=\/wp\/v2\/posts\/3542","targetHints":{"allow":["GET"]}}],"collection":[{"href":"https:\/\/www.olinews.it\/mt\/index.php?rest_route=\/wp\/v2\/posts"}],"about":[{"href":"https:\/\/www.olinews.it\/mt\/index.php?rest_route=\/wp\/v2\/types\/post"}],"author":[{"embeddable":true,"href":"https:\/\/www.olinews.it\/mt\/index.php?rest_route=\/wp\/v2\/users\/1"}],"replies":[{"embeddable":true,"href":"https:\/\/www.olinews.it\/mt\/index.php?rest_route=%2Fwp%2Fv2%2Fcomments&post=3542"}],"version-history":[{"count":0,"href":"https:\/\/www.olinews.it\/mt\/index.php?rest_route=\/wp\/v2\/posts\/3542\/revisions"}],"wp:attachment":[{"href":"https:\/\/www.olinews.it\/mt\/index.php?rest_route=%2Fwp%2Fv2%2Fmedia&parent=3542"}],"wp:term":[{"taxonomy":"category","embeddable":true,"href":"https:\/\/www.olinews.it\/mt\/index.php?rest_route=%2Fwp%2Fv2%2Fcategories&post=3542"},{"taxonomy":"post_tag","embeddable":true,"href":"https:\/\/www.olinews.it\/mt\/index.php?rest_route=%2Fwp%2Fv2%2Ftags&post=3542"}],"curies":[{"name":"wp","href":"https:\/\/api.w.org\/{rel}","templated":true}]}}