{"id":3550,"date":"2011-05-03T12:00:00","date_gmt":"2011-05-03T11:00:00","guid":{"rendered":"http:\/\/www.olinews.it\/mt\/?p=3550"},"modified":"2011-05-03T12:00:00","modified_gmt":"2011-05-03T11:00:00","slug":"oli-299-lettere-al-lavoro","status":"publish","type":"post","link":"https:\/\/www.olinews.it\/mt\/?p=3550","title":{"rendered":"OLI 299: LETTERE &#8211; Al lavoro!"},"content":{"rendered":"<p><i>Usciamo dal Silenzio<\/i>, associazione genovese, invita tramite di Luisa Parodi a partecipare all&#8217;evento che si terr\u00e0 a Palazzo Rosso sabato 7 maggio 2011. Sar\u00e0 proiettato il film &#8220;Al lavoro!&#8221; di Lisa Tormena, gi\u00e0 premio Ilaria Alpi con il documentario &#8220;Mdj, libert\u00e0 in esilio&#8221; insieme a Matteo Lolletti.<br \/>Lisa Tormena su Facebook <a href=\"http:\/\/it-it.facebook.com\/people\/Lisa-Tormena\/753163621\">http:\/\/it-it.facebook.com\/people\/Lisa-Tormena\/753163621<\/a><br \/>Usciamo dal Silenzio, Luisa Parodi, <a href=\"mailto:usciamodalsilenzio_genova@yahoogroups.com\">usciamodalsilenzio_genova@yahoogroups.com<\/a><\/p>\n<div style=\"clear: both; text-align: center;\"><a href=\"http:\/\/1.bp.blogspot.com\/-r-gtyO4JD2k\/Tb-41mS9dQI\/AAAAAAAAQCQ\/9qObkIrXxx4\/s1600\/omsa.jpg\" style=\"margin-left: 1em; margin-right: 1em;\"><img loading=\"lazy\" decoding=\"async\" border=\"0\" height=\"504\" src=\"http:\/\/1.bp.blogspot.com\/-r-gtyO4JD2k\/Tb-41mS9dQI\/AAAAAAAAQCQ\/9qObkIrXxx4\/s640\/omsa.jpg\" width=\"640\" \/><\/a><\/div>\n<p><\/p>\n<div style=\"clear: both; text-align: center;\"><a href=\"http:\/\/4.bp.blogspot.com\/-YIgO6pzGduY\/Tb-49RLCg1I\/AAAAAAAAQCU\/0IYzyf1KKWI\/s1600\/omsa1.png\" style=\"margin-left: 1em; margin-right: 1em;\"><img loading=\"lazy\" decoding=\"async\" border=\"0\" height=\"474\" src=\"http:\/\/4.bp.blogspot.com\/-YIgO6pzGduY\/Tb-49RLCg1I\/AAAAAAAAQCU\/0IYzyf1KKWI\/s640\/omsa1.png\" width=\"640\" \/><\/a><\/div>\n<p><b>(<i>Stefano De Pietro<\/i>)<\/b><\/p>\n","protected":false},"excerpt":{"rendered":"<p>Usciamo dal Silenzio, associazione genovese, invita tramite di Luisa Parodi a partecipare all&#8217;evento che si terr\u00e0 a Palazzo Rosso sabato 7 maggio 2011. Sar\u00e0 proiettato il film &#8220;Al lavoro!&#8221; di Lisa Tormena, gi\u00e0 premio Ilaria Alpi con il documentario &#8220;Mdj, libert\u00e0 in esilio&#8221; insieme a Matteo Lolletti.Lisa Tormena su Facebook http:\/\/it-it.facebook.com\/people\/Lisa-Tormena\/753163621Usciamo dal Silenzio, Luisa Parodi, [&hellip;]<\/p>\n","protected":false},"author":1,"featured_media":0,"comment_status":"closed","ping_status":"closed","sticky":false,"template":"","format":"standard","meta":{"footnotes":""},"categories":[2026,2214,8,160,2213,2212,2206,577,297,1606],"tags":[],"class_list":["post-3550","post","type-post","status-publish","format-standard","hentry","category-conferenze","category-ilaria-alpi","category-lavoro","category-lettere","category-lisa-tormena","category-luisa-parodi","category-oli-299","category-societa","category-stefano-de-pietro","category-usciamo-dal-silenzio"],"_links":{"self":[{"href":"https:\/\/www.olinews.it\/mt\/index.php?rest_route=\/wp\/v2\/posts\/3550","targetHints":{"allow":["GET"]}}],"collection":[{"href":"https:\/\/www.olinews.it\/mt\/index.php?rest_route=\/wp\/v2\/posts"}],"about":[{"href":"https:\/\/www.olinews.it\/mt\/index.php?rest_route=\/wp\/v2\/types\/post"}],"author":[{"embeddable":true,"href":"https:\/\/www.olinews.it\/mt\/index.php?rest_route=\/wp\/v2\/users\/1"}],"replies":[{"embeddable":true,"href":"https:\/\/www.olinews.it\/mt\/index.php?rest_route=%2Fwp%2Fv2%2Fcomments&post=3550"}],"version-history":[{"count":0,"href":"https:\/\/www.olinews.it\/mt\/index.php?rest_route=\/wp\/v2\/posts\/3550\/revisions"}],"wp:attachment":[{"href":"https:\/\/www.olinews.it\/mt\/index.php?rest_route=%2Fwp%2Fv2%2Fmedia&parent=3550"}],"wp:term":[{"taxonomy":"category","embeddable":true,"href":"https:\/\/www.olinews.it\/mt\/index.php?rest_route=%2Fwp%2Fv2%2Fcategories&post=3550"},{"taxonomy":"post_tag","embeddable":true,"href":"https:\/\/www.olinews.it\/mt\/index.php?rest_route=%2Fwp%2Fv2%2Ftags&post=3550"}],"curies":[{"name":"wp","href":"https:\/\/api.w.org\/{rel}","templated":true}]}}